{"id":8231,"date":"2019-09-20T09:05:42","date_gmt":"2019-09-20T07:05:42","guid":{"rendered":"http:\/\/blog.liesdoch.de\/?p=8231"},"modified":"2019-09-20T09:05:42","modified_gmt":"2019-09-20T07:05:42","slug":"der-tierigent","status":"publish","type":"post","link":"https:\/\/blog.liesdoch.de\/?p=8231","title":{"rendered":"Der Tierigent"},"content":{"rendered":"<p>&nbsp;<\/p>\n<p><a href=\"http:\/\/blog.liesdoch.de\/wp-content\/uploads\/2019\/09\/55883340n.jpg\"><img loading=\"lazy\" decoding=\"async\" class=\"alignnone size-full wp-image-8232\" src=\"http:\/\/blog.liesdoch.de\/wp-content\/uploads\/2019\/09\/55883340n.jpg\" alt=\"\" width=\"242\" height=\"256\" \/><\/a><\/p>\n<p>Cornelia Boese, Manuela Olten. Der Tierigent, Gerstenberg 2019, ISBN 978-3-8369-6025-0<\/p>\n<p>&nbsp;<\/p>\n<p>&nbsp;<\/p>\n<p>\u201e \u2026wenn man etwas wirklich will,<br \/>\nmit Herz und Seele, Kopf und Bauch,<br \/>\ndann, dacht\u2018 ich st\u00f6rrisch, schafft man\u2019s auch!\u201c<\/p>\n<p>Das ist die Selbstbeschreibung der Autorin des hier vorliegenden Bilderbuches, die man auf Ihrer Homepage nachlesen kann. Dort erf\u00e4hrt man auch etwas \u00fcber ihre Liebe zur Musik.<\/p>\n<p>&nbsp;<\/p>\n<p>Und so findet man in ihren Werken aus den letzten Jahren viele B\u00fccher f\u00fcr Erwachsene und Kinder, die Gereimtes aus der Musik- und M\u00e4rchenwelt erz\u00e4hlen.<\/p>\n<p>&nbsp;<\/p>\n<p>Auch ihr neues Bilderbuch bei Gerstenberg in Hildesheim \u201eDer Tierigent\u201c verbindet das Reimen und die Musik, gepaart mit gro\u00dfer Leidenschaft f\u00fcr kindliche Traumwelten.<\/p>\n<p>&nbsp;<\/p>\n<p>Im Stadtpark gibt das Tierorchester ein Konzert. Alle packen ihre Instrumente aus, man h\u00f6rt schon die ersten \u00dcbungst\u00f6ne.<\/p>\n<p>\u201eDoch einer findet keinen Platz<\/p>\n<p>Am Podium: der kleine Spatz<\/p>\n<p>Wie gerne will er mit den Tieren<\/p>\n<p>Zusammen fr\u00f6hlich musizieren.\u201c<\/p>\n<p>&nbsp;<\/p>\n<p>Da spielt der Affe Cello, die Giraffe Kontrabass, der B\u00e4r Fagott, der Tiger Klarinette. Und der Spatz bettelt:<\/p>\n<p>\u201e..darf ich Geiger sein?<\/p>\n<p>Der Affe sagt: Du bist zu klein.\u201c<\/p>\n<p>F\u00fcr die Tuba reicht seine Puste nicht und f\u00fcrs Schlagzeug hat er nicht gen\u00fcgend Kraft. Traurig setzt der Spatz sich ins Publikum. Das Konzert beginnt und es ert\u00f6nt ein ohrenbet\u00e4ubendes Fiedeln, Tuten und Tr\u00e4llern. Eines ist klar: Die Musiker brauchen jemanden, der den Takt angibt.<\/p>\n<p>Und so wird aus dem Spatzen ein gro\u00dfer Tierigent.<\/p>\n<p>Farbenfrohe Bilder von Manuela Olten, die alle beteiligten Tiere liebevoll und mit gro\u00dfen erwartungsvollen Augen gezeichnet hat\u00a0 und lustige Reime stellen die Instrumente des Orchesters vor und laden ein zu einem fr\u00f6hlichen Konzert.<\/p>\n<p>&nbsp;<\/p>\n<p>Ein sch\u00f6nes Bilderbuch mit zauberhaften Bildern und sprachlich gelungenen Reimen \u00fcber ein tierisches Orchester, bei dem am Ende jeder seinen Platz findet, auch der kleine Spatz.<\/p>\n<p>&nbsp;<\/p>\n<p>&nbsp;<\/p>\n<p>&nbsp;<\/p>\n<p>&nbsp;<\/p>\n<p>&nbsp;<\/p>\n<p>&nbsp;<\/p>\n","protected":false},"excerpt":{"rendered":"<p>&nbsp; Cornelia Boese, Manuela Olten. Der Tierigent, Gerstenberg 2019, ISBN 978-3-8369-6025-0 &nbsp; &nbsp; \u201e \u2026wenn man etwas wirklich will, mit Herz und Seele, Kopf und Bauch, dann, dacht\u2018 ich st\u00f6rrisch, schafft man\u2019s auch!\u201c Das ist die Selbstbeschreibung der Autorin des hier vorliegenden Bilderbuches, die man auf Ihrer Homepage nachlesen kann. Dort erf\u00e4hrt man auch etwas &hellip; <a href=\"https:\/\/blog.liesdoch.de\/?p=8231\" class=\"more-link\"><span class=\"screen-reader-text\">Der Tierigent<\/span> weiterlesen <span class=\"meta-nav\">&rarr;<\/span><\/a><\/p>\n","protected":false},"author":6,"featured_media":0,"comment_status":"closed","ping_status":"open","sticky":false,"template":"","format":"standard","meta":{"footnotes":""},"categories":[1],"tags":[],"class_list":["post-8231","post","type-post","status-publish","format-standard","hentry","category-allgemein"],"_links":{"self":[{"href":"https:\/\/blog.liesdoch.de\/index.php?rest_route=\/wp\/v2\/posts\/8231","targetHints":{"allow":["GET"]}}],"collection":[{"href":"https:\/\/blog.liesdoch.de\/index.php?rest_route=\/wp\/v2\/posts"}],"about":[{"href":"https:\/\/blog.liesdoch.de\/index.php?rest_route=\/wp\/v2\/types\/post"}],"author":[{"embeddable":true,"href":"https:\/\/blog.liesdoch.de\/index.php?rest_route=\/wp\/v2\/users\/6"}],"replies":[{"embeddable":true,"href":"https:\/\/blog.liesdoch.de\/index.php?rest_route=%2Fwp%2Fv2%2Fcomments&post=8231"}],"version-history":[{"count":1,"href":"https:\/\/blog.liesdoch.de\/index.php?rest_route=\/wp\/v2\/posts\/8231\/revisions"}],"predecessor-version":[{"id":8233,"href":"https:\/\/blog.liesdoch.de\/index.php?rest_route=\/wp\/v2\/posts\/8231\/revisions\/8233"}],"wp:attachment":[{"href":"https:\/\/blog.liesdoch.de\/index.php?rest_route=%2Fwp%2Fv2%2Fmedia&parent=8231"}],"wp:term":[{"taxonomy":"category","embeddable":true,"href":"https:\/\/blog.liesdoch.de\/index.php?rest_route=%2Fwp%2Fv2%2Fcategories&post=8231"},{"taxonomy":"post_tag","embeddable":true,"href":"https:\/\/blog.liesdoch.de\/index.php?rest_route=%2Fwp%2Fv2%2Ftags&post=8231"}],"curies":[{"name":"wp","href":"https:\/\/api.w.org\/{rel}","templated":true}]}}