{"id":8237,"date":"2019-09-20T09:07:05","date_gmt":"2019-09-20T07:07:05","guid":{"rendered":"http:\/\/blog.liesdoch.de\/?p=8237"},"modified":"2019-09-20T09:07:05","modified_gmt":"2019-09-20T07:07:05","slug":"alles-okay","status":"publish","type":"post","link":"https:\/\/blog.liesdoch.de\/?p=8237","title":{"rendered":"Alles okay"},"content":{"rendered":"<p>&nbsp;<\/p>\n<p>&nbsp;<\/p>\n<p>&nbsp;<\/p>\n<p><a href=\"http:\/\/blog.liesdoch.de\/wp-content\/uploads\/2019\/09\/55963998n.jpg\"><img loading=\"lazy\" decoding=\"async\" class=\"alignnone size-medium wp-image-8238\" src=\"http:\/\/blog.liesdoch.de\/wp-content\/uploads\/2019\/09\/55963998n-196x300.jpg\" alt=\"\" width=\"196\" height=\"300\" srcset=\"https:\/\/blog.liesdoch.de\/wp-content\/uploads\/2019\/09\/55963998n-196x300.jpg 196w, https:\/\/blog.liesdoch.de\/wp-content\/uploads\/2019\/09\/55963998n.jpg 242w\" sizes=\"auto, (max-width: 196px) 100vw, 196px\" \/><\/a><\/p>\n<p>Nina LaCour, Alles okay, Hanser 2019, ISBN 978-3-446-26435-9<\/p>\n<p>&nbsp;<\/p>\n<p>Es ist kurz vor Weihnachten. Die Erz\u00e4hlerin des hier anzuzeigenden Jugendromans der in den USA sehr erfolgreichen Jugendbuchautorin Nina LaCour, Marin, hat gerade ihre Mitbewohnerin Hannah in die vierw\u00f6chigen Weihnachtsferien verabschiedet. Sie selbst will das College im Staat New York nicht verlassen \u00fcber die Feiertage, weil sie keinen Ort mehr hat, wo sie hingehen soll. Ihre Vergangenheit scheint zerschmettert, ihre Gegenwart einsam und ihre Zukunft dunkel.<\/p>\n<p>Viele tausend Kilometer ist sie vor einigen Monaten geflohen in dieses kleine Privatcollege. Geflohen aus einem Leben, das sich f\u00fcr sie als eine einzige L\u00fcge darstellt.<\/p>\n<p>\u00b4<\/p>\n<p>Am Anfang ist es f\u00fcr den Leser noch sehr unverst\u00e4ndlich, wieso Marin sich absichtlich in diese Einsamkeit begibt und in ihr verharrt, als w\u00fcrde sie einen Winterschlaf halten, aus dem es kein Erwachen mehr gibt. Doch im Laufe des Buches l\u00fcftet Nina LaCour mit vielen R\u00fcckblicken aus den Monaten Mai bis September das Geheimnis Marins und das ihres Gro\u00dfvaters, bei dem sie lebt, seit ihre Mutter bei einem Surfunfall ums Leben gekommen ist als Marin gerade mal drei Jahre alt war. Es wird mehr und mehr klar, welche Vorkommnisse und welche lange Geschichte Marin schlussendlich an diesen f\u00fcr sie einsamen Ort im College in New York gebracht hat.<\/p>\n<p>&nbsp;<\/p>\n<p>Klar wird mehr und mehr auch die Person und die Rolle ihrer langj\u00e4hrigen Freundin Mabel, die, nachdem das College \u00fcber Weihnachten seine Pforten geschlossen hat, pl\u00f6tzlich vor der T\u00fcr von Mabels Wohnhaus im College steht, und sie auch im Namen ihrer beiden Eltern einl\u00e4dt, zumindest in den Ferien zu ihnen nach Hause zu kommen.<\/p>\n<p>Hunderte von SMS und Nachrichten ihrer Freundin auf dem Anrufbeantworter hat Marin in ihrer tiefen Trauer unbeantwortet gelassen. Es scheint, als wollte sie mit nichts mehr konfrontiert werden, was sie an ihr anderes Leben erinnert, ein Leben, das sich f\u00fcr sie als eine einzige gro\u00dfe L\u00fcge herausgestellt hat.<\/p>\n<p>&nbsp;<\/p>\n<p>Doch Mabel l\u00e4sst nicht locker, auch nicht nachdem Marin ihren Vorschlag abgelehnt hat und ihre Freundin nach drei schweren gemeinsamen Tagen, die angef\u00fcllt sind mit langen\u00a0 Phasen des Schweigens und langen Gespr\u00e4chen \u00fcber die gemeinsame Vergangenheit und \u00fcber Marins Schicksal, allein zum Flughafen fahren l\u00e4sst.<\/p>\n<p>&nbsp;<\/p>\n<p>Doch weder Marin noch der ersch\u00fctterte Leser haben mit Mabels treuer Freundschaft gerechnet und mit der F\u00fcrsorge ihrer Eltern. Und Marin wird schlu\u00dfendlich begreifen, dass sie sich entscheiden muss. Entweder sie verharrt weiter in ihrem Verdr\u00e4ngen ihrer sehr schmerzhaften Lebensgeschichte und der ambivalenten Rolle, die ihr Gramps darin gespielt hat, oder sie stellt sich wieder dem Leben, das sie in den Personen von Mabels Familie wieder zum Mitmachen und Mitleben einl\u00e4dt.<\/p>\n<p>Kirkus Review in den USA nannte das Buch einen \u201ewundersch\u00f6nen Lobgesang auf die reinigende Kraft der Wahrheit\u201c. Ja, und es ist auch eine Hymne an die tragende Kraft der Freundschaft.<\/p>\n<p>&nbsp;<\/p>\n<p>&nbsp;<\/p>\n<p>&nbsp;<\/p>\n","protected":false},"excerpt":{"rendered":"<p>&nbsp; &nbsp; &nbsp; Nina LaCour, Alles okay, Hanser 2019, ISBN 978-3-446-26435-9 &nbsp; Es ist kurz vor Weihnachten. Die Erz\u00e4hlerin des hier anzuzeigenden Jugendromans der in den USA sehr erfolgreichen Jugendbuchautorin Nina LaCour, Marin, hat gerade ihre Mitbewohnerin Hannah in die vierw\u00f6chigen Weihnachtsferien verabschiedet. Sie selbst will das College im Staat New York nicht verlassen \u00fcber &hellip; <a href=\"https:\/\/blog.liesdoch.de\/?p=8237\" class=\"more-link\"><span class=\"screen-reader-text\">Alles okay<\/span> weiterlesen <span class=\"meta-nav\">&rarr;<\/span><\/a><\/p>\n","protected":false},"author":6,"featured_media":0,"comment_status":"closed","ping_status":"open","sticky":false,"template":"","format":"standard","meta":{"footnotes":""},"categories":[1],"tags":[],"class_list":["post-8237","post","type-post","status-publish","format-standard","hentry","category-allgemein"],"_links":{"self":[{"href":"https:\/\/blog.liesdoch.de\/index.php?rest_route=\/wp\/v2\/posts\/8237","targetHints":{"allow":["GET"]}}],"collection":[{"href":"https:\/\/blog.liesdoch.de\/index.php?rest_route=\/wp\/v2\/posts"}],"about":[{"href":"https:\/\/blog.liesdoch.de\/index.php?rest_route=\/wp\/v2\/types\/post"}],"author":[{"embeddable":true,"href":"https:\/\/blog.liesdoch.de\/index.php?rest_route=\/wp\/v2\/users\/6"}],"replies":[{"embeddable":true,"href":"https:\/\/blog.liesdoch.de\/index.php?rest_route=%2Fwp%2Fv2%2Fcomments&post=8237"}],"version-history":[{"count":1,"href":"https:\/\/blog.liesdoch.de\/index.php?rest_route=\/wp\/v2\/posts\/8237\/revisions"}],"predecessor-version":[{"id":8239,"href":"https:\/\/blog.liesdoch.de\/index.php?rest_route=\/wp\/v2\/posts\/8237\/revisions\/8239"}],"wp:attachment":[{"href":"https:\/\/blog.liesdoch.de\/index.php?rest_route=%2Fwp%2Fv2%2Fmedia&parent=8237"}],"wp:term":[{"taxonomy":"category","embeddable":true,"href":"https:\/\/blog.liesdoch.de\/index.php?rest_route=%2Fwp%2Fv2%2Fcategories&post=8237"},{"taxonomy":"post_tag","embeddable":true,"href":"https:\/\/blog.liesdoch.de\/index.php?rest_route=%2Fwp%2Fv2%2Ftags&post=8237"}],"curies":[{"name":"wp","href":"https:\/\/api.w.org\/{rel}","templated":true}]}}