{"id":8244,"date":"2019-09-24T11:22:31","date_gmt":"2019-09-24T09:22:31","guid":{"rendered":"http:\/\/blog.liesdoch.de\/?p=8244"},"modified":"2019-09-24T11:22:31","modified_gmt":"2019-09-24T09:22:31","slug":"der-sonne-nach","status":"publish","type":"post","link":"https:\/\/blog.liesdoch.de\/?p=8244","title":{"rendered":"Der Sonne nach"},"content":{"rendered":"<p>&nbsp;<\/p>\n<p>&nbsp;<\/p>\n<p>&nbsp;<\/p>\n<p>&nbsp;<\/p>\n<p><a href=\"http:\/\/blog.liesdoch.de\/wp-content\/uploads\/2019\/09\/54342608n.jpg\"><img loading=\"lazy\" decoding=\"async\" class=\"alignnone size-medium wp-image-8245\" src=\"http:\/\/blog.liesdoch.de\/wp-content\/uploads\/2019\/09\/54342608n-197x300.jpg\" alt=\"\" width=\"197\" height=\"300\" srcset=\"https:\/\/blog.liesdoch.de\/wp-content\/uploads\/2019\/09\/54342608n-197x300.jpg 197w, https:\/\/blog.liesdoch.de\/wp-content\/uploads\/2019\/09\/54342608n.jpg 242w\" sizes=\"auto, (max-width: 197px) 100vw, 197px\" \/><\/a><\/p>\n<p>Gabriele Clima, Der Sonne nach, Hanser 2019, ISBN 978-3-446-26260-7<\/p>\n<p>&nbsp;<\/p>\n<p>Wer das Buch \u201eZiemlich beste Freunde\u201c vor Jahren gelesen oder den Film gesehen hat, wird auch an dem hier vorliegenden, 2017 mit dem Andersen Preis f\u00fcr das beste Jugendbuch ausgezeichnete Roman von Gabriele Clima m\u00f6gen.<\/p>\n<p>&nbsp;<\/p>\n<p>Schon 2016 in Italien erschienen erz\u00e4hlt das Jugendbuch von dem 16-j\u00e4hrigen Dario. Nachdem der Vater die Familie verlassen hat, ist aus Dario ein auff\u00e4lliger Junge geworden, der voller Wut in der Schule randaliert. Nachdem er zum wiederholten Mal ausgeflippt ist, soll sich Dario als Strafe auf eine unbestimmte Zeit um einen \u201eMenschen mit besonderen F\u00e4higkeiten\u201c k\u00fcmmern. Er wird mit der ehrenamtlichen Pflegebegleitung eines geistig und k\u00f6rperlich behinderten Jungen namens Andy beauftragt. Er soll ihn in seinem Rollstuhl spazieren fahren und auf ihn aufpassen. Da Dario noch nicht mal auf sich selbst aufpassen kann, scheint er mit dieser Aufgabe doch \u00fcberfordert.<\/p>\n<p>&nbsp;<\/p>\n<p>Doch Dario hat von seiner Aufgabe seine eigenen Vorstellungen und beschlie\u00dft\u00a0 Andy auf die Suche nach seinem Vater mitzunehmen, den er in einem Ort am Meer vermutet. Es wir deine abenteuerliche Reise, auf der Dario immer mehr lernt, die feinen Signale zu lesen, die der schwer behinderte Andy ihm sendet. Er lernt diesen \u201eHalbidioten im Rolli\u201c, wie er ihn zun\u00e4chst genannt hat, mit anderen Augen zu sehen.<\/p>\n<p>&nbsp;<\/p>\n<p>Was Gabriele Clima aber vor allem wunderbar beschreibt, ist die Ver\u00e4nderung die in Darios Innerem vor sich geht. Unterwegs mit Andy lernt er, dass es nicht die anderen sind, die f\u00fcr seine Wut und sein Schicksal verantwortlich sind und er sp\u00fcrt zunehmend, dass er trotz seiner verfahrenen Lebenssituation durchaus\u00a0 die eigene Wahl hat, welchen Weg er in seinem Leben gehen will.<\/p>\n<p>&nbsp;<\/p>\n<p>Gabriele Clima ist es auf eine sehr poetische und glaubw\u00fcrdige Weise gelungen, die jeweilige emotionale Innenwelt der beiden Protagonisten darzustellen und zu beschreiben.<\/p>\n<p>Es ist ein witziges und ehrliches Buch, voller Abenteuer und kurioser Szenen, das man nicht aus der Hand legen m\u00f6chte bis man zu seinem verbl\u00fcffenden Schluss gekommen ist.<\/p>\n<p>&nbsp;<\/p>\n<p>Eine absolut gelungene Coverversion von \u201eZiemlich beste Freunde.\u201c<\/p>\n<p>&nbsp;<\/p>\n","protected":false},"excerpt":{"rendered":"<p>&nbsp; &nbsp; &nbsp; &nbsp; Gabriele Clima, Der Sonne nach, Hanser 2019, ISBN 978-3-446-26260-7 &nbsp; Wer das Buch \u201eZiemlich beste Freunde\u201c vor Jahren gelesen oder den Film gesehen hat, wird auch an dem hier vorliegenden, 2017 mit dem Andersen Preis f\u00fcr das beste Jugendbuch ausgezeichnete Roman von Gabriele Clima m\u00f6gen. &nbsp; Schon 2016 in Italien erschienen &hellip; <a href=\"https:\/\/blog.liesdoch.de\/?p=8244\" class=\"more-link\"><span class=\"screen-reader-text\">Der Sonne nach<\/span> weiterlesen <span class=\"meta-nav\">&rarr;<\/span><\/a><\/p>\n","protected":false},"author":6,"featured_media":0,"comment_status":"closed","ping_status":"open","sticky":false,"template":"","format":"standard","meta":{"footnotes":""},"categories":[1],"tags":[],"class_list":["post-8244","post","type-post","status-publish","format-standard","hentry","category-allgemein"],"_links":{"self":[{"href":"https:\/\/blog.liesdoch.de\/index.php?rest_route=\/wp\/v2\/posts\/8244","targetHints":{"allow":["GET"]}}],"collection":[{"href":"https:\/\/blog.liesdoch.de\/index.php?rest_route=\/wp\/v2\/posts"}],"about":[{"href":"https:\/\/blog.liesdoch.de\/index.php?rest_route=\/wp\/v2\/types\/post"}],"author":[{"embeddable":true,"href":"https:\/\/blog.liesdoch.de\/index.php?rest_route=\/wp\/v2\/users\/6"}],"replies":[{"embeddable":true,"href":"https:\/\/blog.liesdoch.de\/index.php?rest_route=%2Fwp%2Fv2%2Fcomments&post=8244"}],"version-history":[{"count":1,"href":"https:\/\/blog.liesdoch.de\/index.php?rest_route=\/wp\/v2\/posts\/8244\/revisions"}],"predecessor-version":[{"id":8246,"href":"https:\/\/blog.liesdoch.de\/index.php?rest_route=\/wp\/v2\/posts\/8244\/revisions\/8246"}],"wp:attachment":[{"href":"https:\/\/blog.liesdoch.de\/index.php?rest_route=%2Fwp%2Fv2%2Fmedia&parent=8244"}],"wp:term":[{"taxonomy":"category","embeddable":true,"href":"https:\/\/blog.liesdoch.de\/index.php?rest_route=%2Fwp%2Fv2%2Fcategories&post=8244"},{"taxonomy":"post_tag","embeddable":true,"href":"https:\/\/blog.liesdoch.de\/index.php?rest_route=%2Fwp%2Fv2%2Ftags&post=8244"}],"curies":[{"name":"wp","href":"https:\/\/api.w.org\/{rel}","templated":true}]}}