{"id":8247,"date":"2019-09-24T11:23:07","date_gmt":"2019-09-24T09:23:07","guid":{"rendered":"http:\/\/blog.liesdoch.de\/?p=8247"},"modified":"2019-09-24T11:23:07","modified_gmt":"2019-09-24T09:23:07","slug":"der-maulwurf-und-die-sterne","status":"publish","type":"post","link":"https:\/\/blog.liesdoch.de\/?p=8247","title":{"rendered":"Der Maulwurf und die Sterne"},"content":{"rendered":"<p>&nbsp;<\/p>\n<p>&nbsp;<\/p>\n<p><a href=\"http:\/\/blog.liesdoch.de\/wp-content\/uploads\/2019\/09\/55360827n.jpg\"><img loading=\"lazy\" decoding=\"async\" class=\"alignnone size-full wp-image-8248\" src=\"http:\/\/blog.liesdoch.de\/wp-content\/uploads\/2019\/09\/55360827n.jpg\" alt=\"\" width=\"242\" height=\"242\" srcset=\"https:\/\/blog.liesdoch.de\/wp-content\/uploads\/2019\/09\/55360827n.jpg 242w, https:\/\/blog.liesdoch.de\/wp-content\/uploads\/2019\/09\/55360827n-150x150.jpg 150w\" sizes=\"auto, (max-width: 242px) 100vw, 242px\" \/><\/a><\/p>\n<p>Britta Teckentrup, Der Maulwurf und die Sterne, arsedition 32019, ISBN 978-3-8458-3066-7<\/p>\n<p>&nbsp;<\/p>\n<p>Die Geschichte, die Britta Teckentrup in ihrem neuen Bilderbuch erz\u00e4hlt, handelt von einem kleinen Maulwurf. Weil es ihm in seiner H\u00f6hle zu dunkel ist, setzt er sich jede Nacht auf seinen Lieblingsstein und schaut in den hellen und strahlenden Sternenhimmel. Nachdem er vor sich hin gefl\u00fcstert hat, er w\u00fcrde so gerne alle Sterne dieser Welt besitzen, passiert etwas Magisches. Auf eine wundersame Weise erscheinen rund um ihn herum helle Leitern, die alle in den Himmel f\u00fchren. Der Maulwurf \u00fcberlegt nicht lange und sammelt alle Sterne ein, die er \u00fcber die Leitern erreichen kann. Er tr\u00e4gt sie alle in seinen Bau, der nun von den Sternen hell erleuchtet ist.<\/p>\n<p>Nun ist es nicht mehr dunkel dort und er will gar nicht raus aus seiner H\u00f6hle. Doch als er seinen Lieblingsstein vermisst, streckt er eines Abends den Kopf aus der H\u00f6hle um sich auf ihn zu setzen. Doch was er sieht, ist: nichts. Der Himmel ist schwarz. Und die Tiere des Waldes erz\u00e4hlen ihm, wie traurig sie und ihre Kinder dar\u00fcber sind, dass die Sterne nicht mehr da sind.<\/p>\n<p>Der Maulwurf ist best\u00fcrzt, denn er hatte nicht gewusst, dass die anderen Tiere den Sternenhimmel genauso liebten wie er. Und er erz\u00e4hlt den anderen Tieren traurig, dass er alle Sterne genommen hat. Und dann schaffen sie es gemeinsam, alle Sterne wieder an ihren urspr\u00fcnglichen Ort zu schaffen.<\/p>\n<p>\u201eVon nun an teilten sich alle Tiere des Waldes das zauberhafte Licht des leuchtenden Nachthimmels.\u201c<\/p>\n<p>&nbsp;<\/p>\n<p>Eine magische Gutennachtgeschichte \u00fcber Freundschaft und die Freude des Teilens von Dingen und Erfahrungen. Es hat eine ganz aktuelle Botschaft: die Wunder dieser Welt sind f\u00fcr alle da. Das k\u00f6nnen schon kleine Kinder ab drei Jahren begreifen, f\u00fcr die dieses sch\u00f6ne und zauberhaft illustrierte Bilderbuch gedacht ist.<\/p>\n<p>&nbsp;<\/p>\n","protected":false},"excerpt":{"rendered":"<p>&nbsp; &nbsp; Britta Teckentrup, Der Maulwurf und die Sterne, arsedition 32019, ISBN 978-3-8458-3066-7 &nbsp; Die Geschichte, die Britta Teckentrup in ihrem neuen Bilderbuch erz\u00e4hlt, handelt von einem kleinen Maulwurf. Weil es ihm in seiner H\u00f6hle zu dunkel ist, setzt er sich jede Nacht auf seinen Lieblingsstein und schaut in den hellen und strahlenden Sternenhimmel. Nachdem &hellip; <a href=\"https:\/\/blog.liesdoch.de\/?p=8247\" class=\"more-link\"><span class=\"screen-reader-text\">Der Maulwurf und die Sterne<\/span> weiterlesen <span class=\"meta-nav\">&rarr;<\/span><\/a><\/p>\n","protected":false},"author":6,"featured_media":0,"comment_status":"closed","ping_status":"open","sticky":false,"template":"","format":"standard","meta":{"footnotes":""},"categories":[1],"tags":[],"class_list":["post-8247","post","type-post","status-publish","format-standard","hentry","category-allgemein"],"_links":{"self":[{"href":"https:\/\/blog.liesdoch.de\/index.php?rest_route=\/wp\/v2\/posts\/8247","targetHints":{"allow":["GET"]}}],"collection":[{"href":"https:\/\/blog.liesdoch.de\/index.php?rest_route=\/wp\/v2\/posts"}],"about":[{"href":"https:\/\/blog.liesdoch.de\/index.php?rest_route=\/wp\/v2\/types\/post"}],"author":[{"embeddable":true,"href":"https:\/\/blog.liesdoch.de\/index.php?rest_route=\/wp\/v2\/users\/6"}],"replies":[{"embeddable":true,"href":"https:\/\/blog.liesdoch.de\/index.php?rest_route=%2Fwp%2Fv2%2Fcomments&post=8247"}],"version-history":[{"count":1,"href":"https:\/\/blog.liesdoch.de\/index.php?rest_route=\/wp\/v2\/posts\/8247\/revisions"}],"predecessor-version":[{"id":8249,"href":"https:\/\/blog.liesdoch.de\/index.php?rest_route=\/wp\/v2\/posts\/8247\/revisions\/8249"}],"wp:attachment":[{"href":"https:\/\/blog.liesdoch.de\/index.php?rest_route=%2Fwp%2Fv2%2Fmedia&parent=8247"}],"wp:term":[{"taxonomy":"category","embeddable":true,"href":"https:\/\/blog.liesdoch.de\/index.php?rest_route=%2Fwp%2Fv2%2Fcategories&post=8247"},{"taxonomy":"post_tag","embeddable":true,"href":"https:\/\/blog.liesdoch.de\/index.php?rest_route=%2Fwp%2Fv2%2Ftags&post=8247"}],"curies":[{"name":"wp","href":"https:\/\/api.w.org\/{rel}","templated":true}]}}