{"id":826,"date":"2015-11-29T13:18:27","date_gmt":"2015-11-29T11:18:27","guid":{"rendered":"http:\/\/blog.liesdoch.de\/?p=826"},"modified":"2015-11-29T13:18:27","modified_gmt":"2015-11-29T11:18:27","slug":"verabredet-mit-dem-glueck","status":"publish","type":"post","link":"https:\/\/blog.liesdoch.de\/?p=826","title":{"rendered":"Verabredet mit dem Gl\u00fcck"},"content":{"rendered":"<p>&nbsp;<\/p>\n<p><a href=\"http:\/\/blog.liesdoch.de\/wp-content\/uploads\/2015\/11\/42708630z.jpg\"><img loading=\"lazy\" decoding=\"async\" class=\"alignnone size-medium wp-image-827\" src=\"http:\/\/blog.liesdoch.de\/wp-content\/uploads\/2015\/11\/42708630z-188x300.jpg\" alt=\"42708630z\" width=\"188\" height=\"300\" srcset=\"https:\/\/blog.liesdoch.de\/wp-content\/uploads\/2015\/11\/42708630z-188x300.jpg 188w, https:\/\/blog.liesdoch.de\/wp-content\/uploads\/2015\/11\/42708630z.jpg 264w\" sizes=\"auto, (max-width: 188px) 100vw, 188px\" \/><\/a><\/p>\n<p>&nbsp;<\/p>\n<p>Andreas Kumpf, Verabredet mit dem Gl\u00fcck, Verlag Anton Pustet 2015, ISBN 988-3-7025-0803-6<br \/>\nIm Vorwort zu seinem hier vorliegenden Buch berichtet der Psychologe und Coach Andreas Kumpf von einer ihn ersch\u00fctternden Beobachtung, bei der ihm vor Jahren auffiel, wie viele Menschen, an denen er in der Stadt vorbei lief, in ihren Gesichtern einen Ausdruck gro\u00dfen Ungl\u00fccks trugen. Damals begann er sich auch wissenschaftlich mit dem Thema zu besch\u00e4ftigen. Die Psychologie vor allem hat eine Menge dazu zu sagen, spricht von Lebenskurven und Hormonen, aber bei der Antwort auf die Frage, wie genau man gl\u00fccklich wird und es auch bleibt, kommt nur wenig Erkenntnis.<\/p>\n<p>Andreas Kumpf hat sich auf die Suche gemacht und in insgesamt 130 Gespr\u00e4chen mit den unterschiedlichsten Menschen etwas herausgefunden,\u00a0 was bei\u00a0 allen Gespr\u00e4chspartnern eine Rolle spielte und generalisierbar scheint.<\/p>\n<p>Siebzehn von diesen Gespr\u00e4chen hat er im Buch dokumentiert. Neben ganz normalen, der \u00d6ffentlichkeit v\u00f6llig unbekannten Menschen, hat er neben \u00c4rzten und Psychotherapeuten auch Vertreter der gro\u00dfen Weltreligionen befragt. Auff\u00e4llig ist, aber nicht besonders erw\u00e4hnt, dass darunter kein Vertreter des Islam war.<\/p>\n<p>Egal, mit wem er sprach: in jeder Lebensgeschichte gibt es einen Moment, einen Punkt, der den sich anschlie\u00dfenden Kurs des Lebenswegs bestimmt. In Richtung Gl\u00fcck oder zumindest in Richtung Gl\u00fcckssuche.<\/p>\n<p>Es scheint ziemlich klar, dass sich dieser Punkt zu jedem Zeitpunkt des Lebens ereignen oder &#8222;offenbaren&#8220; kann. Es liegt an\u00a0 jedem Einzelnen, diesen Kairos zu erkennen und eine entsprechende Entscheidung zu treffen.<br \/>\nAndreas Kumpf glaubt, dass die Lekt\u00fcre seiner Portr\u00e4ts seinen Lesern helfen kann, diesen Punkt im eigenen Leben nicht nur zu entdecken, sondern seiner Botschaft zu folgen.<br \/>\nDas\u00a0 Portr\u00e4t, das mir am nachhaltigsten in Erinnerung geblieben ist, ist das mit Paul Chaim Eisenberg, dem Oberrabbiner von Wien. Er erz\u00e4hlt von einer Stelle aus dem Talmud, wo es hei\u00dft:<br \/>\n&#8222;Wer wird geehrt? Der, der die anderen ehrt! Wer ist weise? Der, der von jedem Menschen lernt! Wer ist ein Held? Der, der seine Triebe beherrscht! Wer ist reich? Der, der gl\u00fccklich ist mit dem was er hat.&#8220;<\/p>\n<p>Genau das mache gl\u00fccklich, wenn man es teilen kann, also in der Lage ist, andere zu begl\u00fccken.<\/p>\n<p>Das stimmt, best\u00e4tigt der Rezensent, der in der dunkelsten Phase seines Lebens diese Einsicht hatte und ihr seitdem jeden Tag gefolgt und gl\u00fccklich dabei ist<\/p>\n","protected":false},"excerpt":{"rendered":"<p>&nbsp; &nbsp; Andreas Kumpf, Verabredet mit dem Gl\u00fcck, Verlag Anton Pustet 2015, ISBN 988-3-7025-0803-6 Im Vorwort zu seinem hier vorliegenden Buch berichtet der Psychologe und Coach Andreas Kumpf von einer ihn ersch\u00fctternden Beobachtung, bei der ihm vor Jahren auffiel, wie viele Menschen, an denen er in der Stadt vorbei lief, in ihren Gesichtern einen Ausdruck &hellip; <a href=\"https:\/\/blog.liesdoch.de\/?p=826\" class=\"more-link\"><span class=\"screen-reader-text\">Verabredet mit dem Gl\u00fcck<\/span> weiterlesen <span class=\"meta-nav\">&rarr;<\/span><\/a><\/p>\n","protected":false},"author":6,"featured_media":0,"comment_status":"open","ping_status":"open","sticky":false,"template":"","format":"standard","meta":{"footnotes":""},"categories":[1],"tags":[27,283],"class_list":["post-826","post","type-post","status-publish","format-standard","hentry","category-allgemein","tag-glueck","tag-lebenssinn"],"_links":{"self":[{"href":"https:\/\/blog.liesdoch.de\/index.php?rest_route=\/wp\/v2\/posts\/826","targetHints":{"allow":["GET"]}}],"collection":[{"href":"https:\/\/blog.liesdoch.de\/index.php?rest_route=\/wp\/v2\/posts"}],"about":[{"href":"https:\/\/blog.liesdoch.de\/index.php?rest_route=\/wp\/v2\/types\/post"}],"author":[{"embeddable":true,"href":"https:\/\/blog.liesdoch.de\/index.php?rest_route=\/wp\/v2\/users\/6"}],"replies":[{"embeddable":true,"href":"https:\/\/blog.liesdoch.de\/index.php?rest_route=%2Fwp%2Fv2%2Fcomments&post=826"}],"version-history":[{"count":1,"href":"https:\/\/blog.liesdoch.de\/index.php?rest_route=\/wp\/v2\/posts\/826\/revisions"}],"predecessor-version":[{"id":828,"href":"https:\/\/blog.liesdoch.de\/index.php?rest_route=\/wp\/v2\/posts\/826\/revisions\/828"}],"wp:attachment":[{"href":"https:\/\/blog.liesdoch.de\/index.php?rest_route=%2Fwp%2Fv2%2Fmedia&parent=826"}],"wp:term":[{"taxonomy":"category","embeddable":true,"href":"https:\/\/blog.liesdoch.de\/index.php?rest_route=%2Fwp%2Fv2%2Fcategories&post=826"},{"taxonomy":"post_tag","embeddable":true,"href":"https:\/\/blog.liesdoch.de\/index.php?rest_route=%2Fwp%2Fv2%2Ftags&post=826"}],"curies":[{"name":"wp","href":"https:\/\/api.w.org\/{rel}","templated":true}]}}