{"id":8265,"date":"2019-10-10T10:42:26","date_gmt":"2019-10-10T08:42:26","guid":{"rendered":"http:\/\/blog.liesdoch.de\/?p=8265"},"modified":"2019-10-10T10:42:26","modified_gmt":"2019-10-10T08:42:26","slug":"erst-die-fakten-dann-die-moral-warum-politik-mit-der-wirklichkeit-beginnen-muss","status":"publish","type":"post","link":"https:\/\/blog.liesdoch.de\/?p=8265","title":{"rendered":"Erst die Fakten, dann die Moral. Warum Politik mit der Wirklichkeit beginnen muss"},"content":{"rendered":"<p>&nbsp;<\/p>\n<p>&nbsp;<\/p>\n<p><a href=\"http:\/\/blog.liesdoch.de\/wp-content\/uploads\/2019\/10\/55688380n.jpg\"><img loading=\"lazy\" decoding=\"async\" class=\"alignnone size-medium wp-image-8266\" src=\"http:\/\/blog.liesdoch.de\/wp-content\/uploads\/2019\/10\/55688380n-189x300.jpg\" alt=\"\" width=\"189\" height=\"300\" srcset=\"https:\/\/blog.liesdoch.de\/wp-content\/uploads\/2019\/10\/55688380n-189x300.jpg 189w, https:\/\/blog.liesdoch.de\/wp-content\/uploads\/2019\/10\/55688380n.jpg 242w\" sizes=\"auto, (max-width: 189px) 100vw, 189px\" \/><\/a><\/p>\n<p>Boris Palmer, Erst die Fakten, dann die Moral. Warum Politik mit der Wirklichkeit beginnen muss, Siedler 2019, ISBN 978-3-8275-0124-0<\/p>\n<p>&nbsp;<\/p>\n<p>So wie sein Vater, den sie bei aller Gegnerschaft respektvoll den \u201eRebell vom Remstal\u201c nannten, ist sein Sohn Boris, seit 12 Jahren als Gr\u00fcner Oberb\u00fcrgermeister von T\u00fcbingen, nicht daf\u00fcr bekannt, dass er jemals ein Blatt vor den Mund genommen h\u00e4tte.<\/p>\n<p>&nbsp;<\/p>\n<p>Sehr zum \u00c4rger seiner Parteioberen, die ihm schon mehr als einmal nahegelegt haben die Partei zu verlassen. Besonders seine medialen Einlassen zur Fl\u00fcchtlingspolitik seit 2015 haben immer wieder Widerspruch auf der einen und Zustimmung auf der anderen Seite erregt.<\/p>\n<p>&nbsp;<\/p>\n<p>In seinem neuen bei Siedler erschienenen Buch zeigt sich der Kommunalpolitiker auch auf den Pfaden der gro\u00dfen Politik als sicherer und streitbarer Zeitgenosse. Sei es die Wohnungspolitik, die Debatte um die innerst\u00e4dtischen Fahrverbote, die uns\u00e4gliche Rolle der B\u00fcrgerinitiativen, die den Erfolg der Energiewende gef\u00e4hrden, Stuttgart 21 oder die semireligi\u00f6se Debatte um die Klimawandel, \u00fcberall zeigt er\u00a0 auf, \u201ewarum Politik mit der Wirklichkeit beginnen muss\u201c legt Wert auf die Fakten, pl\u00e4diert f\u00fcr Vernunft und im Kapitel \u00fcber die Sicherheit allerdings auch \u00fcber die Bedeutung der subjektiven Gef\u00fchle der Menschen.<\/p>\n<p>&nbsp;<\/p>\n<p>Er unterst\u00fctzt, dass sich immer mehr Menschen\u00a0 \u00fcber Missst\u00e4nde in der Gesellschaft emp\u00f6ren, mahnt aber gleichzeitig in Richtung der Klimaaktivisten und anderer nicht intolerant zu werden.<\/p>\n<p>&nbsp;<\/p>\n<p>Frei heraus und ohne falsche Tabus spricht Palmer an, wo er Ver\u00e4nderungsbedarf im politischen und gesellschaftlichen Diskurs sieht. Seine Erkenntnisse zusammenfassend, formuliert er zum Abschluss seines lesenswerten und teilweise provozierenden Buches folgende zehn Thesen, die es wert sind, wahrgenommen und kritisch diskutiert zu werden:<\/p>\n<p>These 1: Innerhalb gesellschaftlicher Bewegungen entstehen vermehrt radikalisierte Kerne<\/p>\n<p>These 2: Die Staatsb\u00fcrger entwickeln sich zu NIMBYS (not in my backyard)<\/p>\n<p>These 3: Unbequeme Wahrheiten werden ausgeblendet<\/p>\n<p>These 4: Komplexe Probleme werden an Experten delegiert<\/p>\n<p>These 5: Risiken werden falsch bewertet<\/p>\n<p>These 6: Gro\u00dfprojekte werden durchgesetzt, koste es, was es wolle<\/p>\n<p>These 7: Die fortschreitende Spaltung der Gesellschaft reduziert das Gewicht der Fakten<\/p>\n<p>These 8: Emp\u00f6rungskultur und\u00a0 Identit\u00e4tspolitik lenken von den wichtigen Problemen ab<\/p>\n<p>These 9: F\u00fcr wirtschaftliche Interessen k\u00f6nnen Fakten ein\u00a0 St\u00f6rfaktor sein<\/p>\n<p>These 10: Die h\u00f6heren Ebenen der Politik nutzen das Erfahrungswissen aus den Kommunen zu wenig<\/p>\n<p>&nbsp;<\/p>\n<p>Es sei dringend Zeit f\u00fcr eine neue Aufkl\u00e4rung, sagt Boris Palmer. Ich w\u00fcnsche seinem Buch und seinen Thesen dass sie im politischen Diskurs unserer Gesellschaft einen Widerhall finden. Wie schon in seinem Buch \u201eWir k\u00f6nnen nicht allen helfen\u201c schwimmt er auch hier oft gegen den Strom, kann sich aber durchaus bei fast allen seinen Themen der Zustimmung eines gro\u00dfen Teils der Bev\u00f6lkerung sicher sein. Nur m\u00fcsste diese Mehrheit die Wahrheit und die Fakten auch mutiger aussprechen und einfordern. Wenn sich \u00fcber die H\u00e4lfte nach einer neuen Umfrage nicht mehr trauen, das zu sagen, was sie wirklich denken, ist es an der Zeit, dem entgegenzutreten und zum Engagement zu ermutigen. Boris Palmer tut das mit seinem neuen Buch auf vorbildliche\u00a0 Weise.<\/p>\n","protected":false},"excerpt":{"rendered":"<p>&nbsp; &nbsp; Boris Palmer, Erst die Fakten, dann die Moral. Warum Politik mit der Wirklichkeit beginnen muss, Siedler 2019, ISBN 978-3-8275-0124-0 &nbsp; So wie sein Vater, den sie bei aller Gegnerschaft respektvoll den \u201eRebell vom Remstal\u201c nannten, ist sein Sohn Boris, seit 12 Jahren als Gr\u00fcner Oberb\u00fcrgermeister von T\u00fcbingen, nicht daf\u00fcr bekannt, dass er jemals &hellip; <a href=\"https:\/\/blog.liesdoch.de\/?p=8265\" class=\"more-link\"><span class=\"screen-reader-text\">Erst die Fakten, dann die Moral. Warum Politik mit der Wirklichkeit beginnen muss<\/span> weiterlesen <span class=\"meta-nav\">&rarr;<\/span><\/a><\/p>\n","protected":false},"author":6,"featured_media":0,"comment_status":"closed","ping_status":"open","sticky":false,"template":"","format":"standard","meta":{"footnotes":""},"categories":[1],"tags":[],"class_list":["post-8265","post","type-post","status-publish","format-standard","hentry","category-allgemein"],"_links":{"self":[{"href":"https:\/\/blog.liesdoch.de\/index.php?rest_route=\/wp\/v2\/posts\/8265","targetHints":{"allow":["GET"]}}],"collection":[{"href":"https:\/\/blog.liesdoch.de\/index.php?rest_route=\/wp\/v2\/posts"}],"about":[{"href":"https:\/\/blog.liesdoch.de\/index.php?rest_route=\/wp\/v2\/types\/post"}],"author":[{"embeddable":true,"href":"https:\/\/blog.liesdoch.de\/index.php?rest_route=\/wp\/v2\/users\/6"}],"replies":[{"embeddable":true,"href":"https:\/\/blog.liesdoch.de\/index.php?rest_route=%2Fwp%2Fv2%2Fcomments&post=8265"}],"version-history":[{"count":1,"href":"https:\/\/blog.liesdoch.de\/index.php?rest_route=\/wp\/v2\/posts\/8265\/revisions"}],"predecessor-version":[{"id":8267,"href":"https:\/\/blog.liesdoch.de\/index.php?rest_route=\/wp\/v2\/posts\/8265\/revisions\/8267"}],"wp:attachment":[{"href":"https:\/\/blog.liesdoch.de\/index.php?rest_route=%2Fwp%2Fv2%2Fmedia&parent=8265"}],"wp:term":[{"taxonomy":"category","embeddable":true,"href":"https:\/\/blog.liesdoch.de\/index.php?rest_route=%2Fwp%2Fv2%2Fcategories&post=8265"},{"taxonomy":"post_tag","embeddable":true,"href":"https:\/\/blog.liesdoch.de\/index.php?rest_route=%2Fwp%2Fv2%2Ftags&post=8265"}],"curies":[{"name":"wp","href":"https:\/\/api.w.org\/{rel}","templated":true}]}}