{"id":8272,"date":"2019-10-22T08:25:03","date_gmt":"2019-10-22T06:25:03","guid":{"rendered":"http:\/\/blog.liesdoch.de\/?p=8272"},"modified":"2019-10-22T08:25:03","modified_gmt":"2019-10-22T06:25:03","slug":"allmen-und-der-koi","status":"publish","type":"post","link":"https:\/\/blog.liesdoch.de\/?p=8272","title":{"rendered":"Allmen und der Koi"},"content":{"rendered":"<p>&nbsp;<\/p>\n<p>&nbsp;<\/p>\n<p>&nbsp;<\/p>\n<p>&nbsp;<\/p>\n<p><a href=\"http:\/\/blog.liesdoch.de\/wp-content\/uploads\/2019\/10\/56247464n.jpg\"><img loading=\"lazy\" decoding=\"async\" class=\"alignnone size-medium wp-image-8273\" src=\"http:\/\/blog.liesdoch.de\/wp-content\/uploads\/2019\/10\/56247464n-190x300.jpg\" alt=\"\" width=\"190\" height=\"300\" srcset=\"https:\/\/blog.liesdoch.de\/wp-content\/uploads\/2019\/10\/56247464n-190x300.jpg 190w, https:\/\/blog.liesdoch.de\/wp-content\/uploads\/2019\/10\/56247464n.jpg 242w\" sizes=\"auto, (max-width: 190px) 100vw, 190px\" \/><\/a><\/p>\n<p>Martin Suter, Allmen und der Koi, Diogenes 2019, ISBN 978-3-257-07075-0<\/p>\n<p>&nbsp;<\/p>\n<p>Das hier vorliegende\u00a0 Buch \u201eAllmen und der Koi\u201c\u00a0 ist der mittlerweile sechste Band einer Serie von Martin Suter, einem extrem vielseitigen Schriftsteller. Johann Friedrich von Allmen ist eigentlich kein richtiger Adliger. Im letzten Buch erz\u00e4hlte er an einigen Stellen von seiner Kindheit auf einem Bauernhof. Doch irgendwie hat er es zu gro\u00dfem Reichtum gebracht, der ihm aber durch seinen aufwendigen und verschwenderischen Lebensstil immer wieder unter den Fingern zerrinnt. So musste er vor l\u00e4ngerer Zeit schon seine gro\u00dfe Villa verkaufen und sich ein lebenslanges Wohnrecht in dem zur Villa geh\u00f6renden Gartenhaus sichern.<\/p>\n<p>&nbsp;<\/p>\n<p>Dort lebt er auf relativ engem Raum zusammen mit seinem Diener Carlos, einem illegal in der Schweiz lebenden Guatemalteken und dessen Partnerin Maria. Carlos ist f\u00fcr Allmen unersetzbar und mittlerweile zum Teilhaber der Firma Allmen International Inquiries aufgestiegen, einer Agentur, deren Spezialit\u00e4t es ist, wertvolle Kunstgegenst\u00e4nde wieder zu beschaffen. Dass sie diese nicht selten vorher selbst auf unterschiedlich phantasievolle Weise entwendet und in ihren Besitz gebracht haben, ist unverzichtbarer Bestandteil des Gesch\u00e4ftsmodells der Firma.<\/p>\n<p>&nbsp;<\/p>\n<p>Im neuen Buch bekommt Allmens Firma einen ungew\u00f6hnlichen Auftrag. Dieses Mal ist es nicht ein Kunstgegenstand, der wieder zu beschaffen ist, sondern ein wertvoller Fisch. Allmen wird von einem ihm zun\u00e4chst unbekannten Auftraggeber nach Ibiza auf dessen exklusives Anwesen gerufen.<\/p>\n<p>&nbsp;<\/p>\n<p>Garrett, so hei\u00dft der reiche Auftraggeber, hat in seinem fr\u00fcheren Leben viele Aufnahmen bekannter Pop-Musiker produziert und sich nun in Ibiza zur Ruhe gesetzt. Kaum dort angekommen, wird Allmen an einen riesigen Teich gef\u00fchrt, wo ihn Garret erwartet. Er zeigt Allmen seine Sammlung wertvoller Kois. Der teuerste, so Garrett, sei vor kurzem aus dem Teich gestohlen worden. Und nun soll Allmen den \u00fcber eine Million teuren Fisch wieder finden.<\/p>\n<p>&nbsp;<\/p>\n<p>Allmen und der schnell nachgereiste Carlos machen sich \u00fcber Nacht kundig \u00fcber alles, was man \u00fcber Kois wissen kann und machen sich dann auf die Suche.<\/p>\n<p>&nbsp;<\/p>\n<p>W\u00e4hrend ihrer Ermittlungen finden sie schnell Zutritt zu einer extrem abgeschirmten Welt einer superreichen High Society Ibizas und bekommen immer mehr Einblicke in eine sehr skurrile und extrem teure Sammelleidenschaft.<\/p>\n<p>&nbsp;<\/p>\n<p>Als Carlos w\u00e4hrend der Ermittlungen niedergeschlagen wird, dauert es nicht lange bis auch Maria auf der Insel erscheint. Zu dritt gelingt es ihnen, den Fisch wieder zu finden. Doch was sein Eigent\u00fcmer Garrett dann am Ende mit diesem Fisch anstellt, ist nicht nur f\u00fcr Allmens Crew, sondern auch f\u00fcr den Leser, der bis dahin von Suters lockerem Sprachstil gut unterhalten wurde, absolut \u00fcberraschend.<\/p>\n<p>&nbsp;<\/p>\n<p>Zum ersten Mal seit Suters Allmen die literarische Szene betreten hat, macht er sich in diesem sechsten Band zum ersten Mal mehrfach ernsthafte Gedanken \u00fcber sein Alter. Er fragt sich, wie es in den kommenden Jahren mit seiner Wirkung auf das andere Geschlecht bestellt sein wird (auch in \u201eAllmen und der Koi\u201c klappt das noch hervorragend!) und wie es mit seiner Gesundheit und k\u00f6rperlich en Fitness weiter geht. Wir werden erfahren, ob Suter seinen Allmen in den n\u00e4chsten B\u00e4nden tats\u00e4chlich \u00e4lter werden l\u00e4sst.<\/p>\n<p>&nbsp;<\/p>\n<p>Suter gelingt es in jedem seiner bisherigen Allmen B\u00e4nde, die Gesellschaft der Superreichen zu karikieren und immer mit einem Schluss aufzuwarten, der seine Leser gespannt auf den n\u00e4chsten Band warten l\u00e4sst.<\/p>\n<p>&nbsp;<\/p>\n<p>&nbsp;<\/p>\n<p>&nbsp;<\/p>\n<p>&nbsp;<\/p>\n<p>&nbsp;<\/p>\n<p>&nbsp;<\/p>\n<p>&nbsp;<\/p>\n<p>&nbsp;<\/p>\n<p>&nbsp;<\/p>\n<p>&nbsp;<\/p>\n<p>&nbsp;<\/p>\n<p>&nbsp;<\/p>\n<p>&nbsp;<\/p>\n<p>&nbsp;<\/p>\n<p>&nbsp;<\/p>\n","protected":false},"excerpt":{"rendered":"<p>&nbsp; &nbsp; &nbsp; &nbsp; Martin Suter, Allmen und der Koi, Diogenes 2019, ISBN 978-3-257-07075-0 &nbsp; Das hier vorliegende\u00a0 Buch \u201eAllmen und der Koi\u201c\u00a0 ist der mittlerweile sechste Band einer Serie von Martin Suter, einem extrem vielseitigen Schriftsteller. Johann Friedrich von Allmen ist eigentlich kein richtiger Adliger. Im letzten Buch erz\u00e4hlte er an einigen Stellen von &hellip; <a href=\"https:\/\/blog.liesdoch.de\/?p=8272\" class=\"more-link\"><span class=\"screen-reader-text\">Allmen und der Koi<\/span> weiterlesen <span class=\"meta-nav\">&rarr;<\/span><\/a><\/p>\n","protected":false},"author":6,"featured_media":0,"comment_status":"closed","ping_status":"open","sticky":false,"template":"","format":"standard","meta":{"footnotes":""},"categories":[1],"tags":[],"class_list":["post-8272","post","type-post","status-publish","format-standard","hentry","category-allgemein"],"_links":{"self":[{"href":"https:\/\/blog.liesdoch.de\/index.php?rest_route=\/wp\/v2\/posts\/8272","targetHints":{"allow":["GET"]}}],"collection":[{"href":"https:\/\/blog.liesdoch.de\/index.php?rest_route=\/wp\/v2\/posts"}],"about":[{"href":"https:\/\/blog.liesdoch.de\/index.php?rest_route=\/wp\/v2\/types\/post"}],"author":[{"embeddable":true,"href":"https:\/\/blog.liesdoch.de\/index.php?rest_route=\/wp\/v2\/users\/6"}],"replies":[{"embeddable":true,"href":"https:\/\/blog.liesdoch.de\/index.php?rest_route=%2Fwp%2Fv2%2Fcomments&post=8272"}],"version-history":[{"count":1,"href":"https:\/\/blog.liesdoch.de\/index.php?rest_route=\/wp\/v2\/posts\/8272\/revisions"}],"predecessor-version":[{"id":8274,"href":"https:\/\/blog.liesdoch.de\/index.php?rest_route=\/wp\/v2\/posts\/8272\/revisions\/8274"}],"wp:attachment":[{"href":"https:\/\/blog.liesdoch.de\/index.php?rest_route=%2Fwp%2Fv2%2Fmedia&parent=8272"}],"wp:term":[{"taxonomy":"category","embeddable":true,"href":"https:\/\/blog.liesdoch.de\/index.php?rest_route=%2Fwp%2Fv2%2Fcategories&post=8272"},{"taxonomy":"post_tag","embeddable":true,"href":"https:\/\/blog.liesdoch.de\/index.php?rest_route=%2Fwp%2Fv2%2Ftags&post=8272"}],"curies":[{"name":"wp","href":"https:\/\/api.w.org\/{rel}","templated":true}]}}