{"id":8280,"date":"2019-10-22T08:27:15","date_gmt":"2019-10-22T06:27:15","guid":{"rendered":"http:\/\/blog.liesdoch.de\/?p=8280"},"modified":"2019-10-23T08:57:40","modified_gmt":"2019-10-23T06:57:40","slug":"8280","status":"publish","type":"post","link":"https:\/\/blog.liesdoch.de\/?p=8280","title":{"rendered":"Ole Winterwicht"},"content":{"rendered":"<p><a href=\"http:\/\/blog.liesdoch.de\/wp-content\/uploads\/2019\/10\/56526438n-1.jpg\"><img loading=\"lazy\" decoding=\"async\" class=\"alignnone size-full wp-image-8281\" src=\"http:\/\/blog.liesdoch.de\/wp-content\/uploads\/2019\/10\/56526438n-1.jpg\" alt=\"\" width=\"242\" height=\"276\" \/><\/a><\/p>\n<p>Daniela Drescher, Ole Winterwicht, Urachhaus 2019, ISBN 978-3-8251-5205-5<\/p>\n<p>&nbsp;<\/p>\n<p>In kurzen zweizeiligen Reimen und mit zauberhaften Illustrationen erz\u00e4hlt die bekannte Bilderbuchautorin und Illustratorin Daniela Drescher (zuletzt hat sie das \u201eNebelm\u00e4nnle vom Bodensee\u201c illustriert) von dem kleinen Winterwichtel Ole.<\/p>\n<p>Tags\u00fcber stapft er durch den tiefen Schnee und bringt den hungernden Tieren etwas zu fressen. Moos und Beeren f\u00fcr das Reh, N\u00fcsse f\u00fcr die Maus und feines Gras f\u00fcr den Hasen.<\/p>\n<p>&nbsp;<\/p>\n<p>Wenn er fertig ist mit seiner segensreichen Arbeit geht Ole Winterwicht nach Hause in sein Wichtelhaus, kocht sich Brei und legt sich schlafen. Eine wunderbar bunte Patchworkdecke w\u00e4rmt ihn dabei.<\/p>\n<p>&nbsp;<\/p>\n<p>Daniela Drescher liebt die Welt der Feen, Nixen und Wichtel. In schon vielen kleinen Bilderb\u00fcchern aus dem Urachhaus Verlag hat sie sie Kindern nahe gebracht. Und noch viele andere B\u00fccher hat sie auf ihre unvergleichliche Art bebildert und ihnen ihren besonderen Charakter gegeben<\/p>\n","protected":false},"excerpt":{"rendered":"<p>Daniela Drescher, Ole Winterwicht, Urachhaus 2019, ISBN 978-3-8251-5205-5 &nbsp; In kurzen zweizeiligen Reimen und mit zauberhaften Illustrationen erz\u00e4hlt die bekannte Bilderbuchautorin und Illustratorin Daniela Drescher (zuletzt hat sie das \u201eNebelm\u00e4nnle vom Bodensee\u201c illustriert) von dem kleinen Winterwichtel Ole. Tags\u00fcber stapft er durch den tiefen Schnee und bringt den hungernden Tieren etwas zu fressen. Moos und &hellip; <a href=\"https:\/\/blog.liesdoch.de\/?p=8280\" class=\"more-link\"><span class=\"screen-reader-text\">Ole Winterwicht<\/span> weiterlesen <span class=\"meta-nav\">&rarr;<\/span><\/a><\/p>\n","protected":false},"author":6,"featured_media":0,"comment_status":"closed","ping_status":"open","sticky":false,"template":"","format":"standard","meta":{"footnotes":""},"categories":[1],"tags":[],"class_list":["post-8280","post","type-post","status-publish","format-standard","hentry","category-allgemein"],"_links":{"self":[{"href":"https:\/\/blog.liesdoch.de\/index.php?rest_route=\/wp\/v2\/posts\/8280","targetHints":{"allow":["GET"]}}],"collection":[{"href":"https:\/\/blog.liesdoch.de\/index.php?rest_route=\/wp\/v2\/posts"}],"about":[{"href":"https:\/\/blog.liesdoch.de\/index.php?rest_route=\/wp\/v2\/types\/post"}],"author":[{"embeddable":true,"href":"https:\/\/blog.liesdoch.de\/index.php?rest_route=\/wp\/v2\/users\/6"}],"replies":[{"embeddable":true,"href":"https:\/\/blog.liesdoch.de\/index.php?rest_route=%2Fwp%2Fv2%2Fcomments&post=8280"}],"version-history":[{"count":2,"href":"https:\/\/blog.liesdoch.de\/index.php?rest_route=\/wp\/v2\/posts\/8280\/revisions"}],"predecessor-version":[{"id":8290,"href":"https:\/\/blog.liesdoch.de\/index.php?rest_route=\/wp\/v2\/posts\/8280\/revisions\/8290"}],"wp:attachment":[{"href":"https:\/\/blog.liesdoch.de\/index.php?rest_route=%2Fwp%2Fv2%2Fmedia&parent=8280"}],"wp:term":[{"taxonomy":"category","embeddable":true,"href":"https:\/\/blog.liesdoch.de\/index.php?rest_route=%2Fwp%2Fv2%2Fcategories&post=8280"},{"taxonomy":"post_tag","embeddable":true,"href":"https:\/\/blog.liesdoch.de\/index.php?rest_route=%2Fwp%2Fv2%2Ftags&post=8280"}],"curies":[{"name":"wp","href":"https:\/\/api.w.org\/{rel}","templated":true}]}}