{"id":8306,"date":"2019-10-24T08:26:26","date_gmt":"2019-10-24T06:26:26","guid":{"rendered":"http:\/\/blog.liesdoch.de\/?p=8306"},"modified":"2019-10-24T08:26:26","modified_gmt":"2019-10-24T06:26:26","slug":"leuchttuerme-2020","status":"publish","type":"post","link":"https:\/\/blog.liesdoch.de\/?p=8306","title":{"rendered":"Leuchtt\u00fcrme 2020"},"content":{"rendered":"<p>&nbsp;<\/p>\n<p>&nbsp;<\/p>\n<p>&nbsp;<\/p>\n<p><a href=\"http:\/\/blog.liesdoch.de\/wp-content\/uploads\/2019\/10\/54742651n.jpg\"><img loading=\"lazy\" decoding=\"async\" class=\"alignnone size-full wp-image-8307\" src=\"http:\/\/blog.liesdoch.de\/wp-content\/uploads\/2019\/10\/54742651n.jpg\" alt=\"\" width=\"242\" height=\"198\" \/><\/a><\/p>\n<p>Gabi Reichert, Leuchtt\u00fcrme 2020, Delius Klasing 2019, ISBN 978-3-667-11469-3<\/p>\n<p>&nbsp;<\/p>\n<p>Seit vielen Jahren schon geh\u00f6rt der Leuchturmkalender der Fotografin Gabi Reichert zu den meistverkauften Kalendern des Delius Klasing Verlags. In ihrem hier vorliegenden mittlerweile achten Kalender ist es ihr wieder gelungen, wunderbare Leuchtt\u00fcrme aus verschiedenen L\u00e4ndern abzubilden.<\/p>\n<p>&nbsp;<\/p>\n<p>Schon in fr\u00fcheren Zeiten dienten Leuchtt\u00fcrme nicht nur der Navigation. Doch besonders heute, wo GPS u.a. ihre Funktion mehr und mehr \u00fcbernehmen, \u00fcben sie auf ihre Betrachter eine ganz besondere Anziehung und Faszination aus. Der Zauber dieser hier vorliegenden Fotografien liegt in ihrem besonderen Blick f\u00fcr Licht und Farben, der die einmalige Faszination dieser historischen Bauwerke sichtbar werden l\u00e4sst. Seit Jahrhunderten trotzen die Wachtposten an den K\u00fcsten Sturm und Wellen. Noch heute umsp\u00fclen Mythen und Geschichten ihre Mauern.<\/p>\n<p>Zu jedem Bild gibt es zus\u00e4tzlich zur Bildlegende noch einen QR-Code, \u00fcber den man ausf\u00fchrlichere Informationen und Geschichten zum abgebildeten Leuchtturm bekommt.<\/p>\n<p>&nbsp;<\/p>\n<p>Ein wunderbarer Kalender, der in unserem Haus schon einen Platz reserviert bekommen hat.<\/p>\n<p>&nbsp;<\/p>\n<p>&nbsp;<\/p>\n<p>&nbsp;<\/p>\n","protected":false},"excerpt":{"rendered":"<p>&nbsp; &nbsp; &nbsp; Gabi Reichert, Leuchtt\u00fcrme 2020, Delius Klasing 2019, ISBN 978-3-667-11469-3 &nbsp; Seit vielen Jahren schon geh\u00f6rt der Leuchturmkalender der Fotografin Gabi Reichert zu den meistverkauften Kalendern des Delius Klasing Verlags. In ihrem hier vorliegenden mittlerweile achten Kalender ist es ihr wieder gelungen, wunderbare Leuchtt\u00fcrme aus verschiedenen L\u00e4ndern abzubilden. &nbsp; Schon in fr\u00fcheren Zeiten &hellip; <a href=\"https:\/\/blog.liesdoch.de\/?p=8306\" class=\"more-link\"><span class=\"screen-reader-text\">Leuchtt\u00fcrme 2020<\/span> weiterlesen <span class=\"meta-nav\">&rarr;<\/span><\/a><\/p>\n","protected":false},"author":6,"featured_media":0,"comment_status":"closed","ping_status":"open","sticky":false,"template":"","format":"standard","meta":{"footnotes":""},"categories":[1],"tags":[],"class_list":["post-8306","post","type-post","status-publish","format-standard","hentry","category-allgemein"],"_links":{"self":[{"href":"https:\/\/blog.liesdoch.de\/index.php?rest_route=\/wp\/v2\/posts\/8306","targetHints":{"allow":["GET"]}}],"collection":[{"href":"https:\/\/blog.liesdoch.de\/index.php?rest_route=\/wp\/v2\/posts"}],"about":[{"href":"https:\/\/blog.liesdoch.de\/index.php?rest_route=\/wp\/v2\/types\/post"}],"author":[{"embeddable":true,"href":"https:\/\/blog.liesdoch.de\/index.php?rest_route=\/wp\/v2\/users\/6"}],"replies":[{"embeddable":true,"href":"https:\/\/blog.liesdoch.de\/index.php?rest_route=%2Fwp%2Fv2%2Fcomments&post=8306"}],"version-history":[{"count":1,"href":"https:\/\/blog.liesdoch.de\/index.php?rest_route=\/wp\/v2\/posts\/8306\/revisions"}],"predecessor-version":[{"id":8308,"href":"https:\/\/blog.liesdoch.de\/index.php?rest_route=\/wp\/v2\/posts\/8306\/revisions\/8308"}],"wp:attachment":[{"href":"https:\/\/blog.liesdoch.de\/index.php?rest_route=%2Fwp%2Fv2%2Fmedia&parent=8306"}],"wp:term":[{"taxonomy":"category","embeddable":true,"href":"https:\/\/blog.liesdoch.de\/index.php?rest_route=%2Fwp%2Fv2%2Fcategories&post=8306"},{"taxonomy":"post_tag","embeddable":true,"href":"https:\/\/blog.liesdoch.de\/index.php?rest_route=%2Fwp%2Fv2%2Ftags&post=8306"}],"curies":[{"name":"wp","href":"https:\/\/api.w.org\/{rel}","templated":true}]}}