{"id":8371,"date":"2020-08-16T18:13:49","date_gmt":"2020-08-16T16:13:49","guid":{"rendered":"http:\/\/blog.liesdoch.de\/?p=8371"},"modified":"2020-08-16T18:15:12","modified_gmt":"2020-08-16T16:15:12","slug":"palermo-von-innen","status":"publish","type":"post","link":"https:\/\/blog.liesdoch.de\/?p=8371","title":{"rendered":"Palermo von innen: Emma Dante \u2013 Mitternacht in Palermo"},"content":{"rendered":"<p><a href=\"http:\/\/blog.liesdoch.de\/wp-content\/uploads\/2020\/08\/Foto-13.08.20-16-52-22.jpg\"><img loading=\"lazy\" decoding=\"async\" class=\"alignleft size-medium wp-image-8372\" src=\"http:\/\/blog.liesdoch.de\/wp-content\/uploads\/2020\/08\/Foto-13.08.20-16-52-22-225x300.jpg\" alt=\"\" width=\"225\" height=\"300\" srcset=\"https:\/\/blog.liesdoch.de\/wp-content\/uploads\/2020\/08\/Foto-13.08.20-16-52-22-225x300.jpg 225w, https:\/\/blog.liesdoch.de\/wp-content\/uploads\/2020\/08\/Foto-13.08.20-16-52-22-768x1024.jpg 768w\" sizes=\"auto, (max-width: 225px) 100vw, 225px\" \/><\/a>Da ich immer ein paar Ungelesene im Regal habe, war in diesen hei\u00dfen Tagen &#8222;Palermo&#8220; das richtige Stichwort. Schon lange wartet dieses Buch auf mich. Kurzweilige schnelle 143 Seiten sp\u00e4ter freue ich mich, dass ich mir dieses Vergn\u00fcgen aufgehoben habe.<\/p>\n<p>&#8222;Ein untertr\u00e4glich hei\u00dfer Sonntag in Palermo: In einer engen Gasse fahren zwei Frauen aufeinander zu. Die alte, vor vielen Jahren aus Albanien geflohene Samira und die junge, sch\u00f6ne Wahl-Mail\u00e4nderin Rosa. Keine der beiden will weichen, und so bleiben sie einfach in ihren Autos sitzen \u2013 einen Tag und eine Nacht.&#8220; (Klappentext)<\/p>\n<p>Und in diesen paar Stunden, die Emma Dante dem Buch Zeit gibt, entrollt sie das gesamte Umfeld der Protagonistinnen. Beide entladen in diesen Stunden ihren beinahe Jahrzehnte alten Frust auf das Leben in dieser Stadt. Schnell, pr\u00e4zise, klar, intensiv spielen sich die Szenen beinahe wie im Film ab.<\/p>\n<p>sehr lesenswert. gut f\u00fcr einen Abend.<\/p>\n","protected":false},"excerpt":{"rendered":"<p>Da ich immer ein paar Ungelesene im Regal habe, war in diesen hei\u00dfen Tagen &#8222;Palermo&#8220; das richtige Stichwort. Schon lange wartet dieses Buch auf mich. Kurzweilige schnelle 143 Seiten sp\u00e4ter freue ich mich, dass ich mir dieses Vergn\u00fcgen aufgehoben habe. &#8222;Ein untertr\u00e4glich hei\u00dfer Sonntag in Palermo: In einer engen Gasse fahren zwei Frauen aufeinander zu. &hellip; <a href=\"https:\/\/blog.liesdoch.de\/?p=8371\" class=\"more-link\"><span class=\"screen-reader-text\">Palermo von innen: Emma Dante \u2013 Mitternacht in Palermo<\/span> weiterlesen <span class=\"meta-nav\">&rarr;<\/span><\/a><\/p>\n","protected":false},"author":2,"featured_media":0,"comment_status":"closed","ping_status":"open","sticky":false,"template":"","format":"standard","meta":{"footnotes":""},"categories":[1],"tags":[],"class_list":["post-8371","post","type-post","status-publish","format-standard","hentry","category-allgemein"],"_links":{"self":[{"href":"https:\/\/blog.liesdoch.de\/index.php?rest_route=\/wp\/v2\/posts\/8371","targetHints":{"allow":["GET"]}}],"collection":[{"href":"https:\/\/blog.liesdoch.de\/index.php?rest_route=\/wp\/v2\/posts"}],"about":[{"href":"https:\/\/blog.liesdoch.de\/index.php?rest_route=\/wp\/v2\/types\/post"}],"author":[{"embeddable":true,"href":"https:\/\/blog.liesdoch.de\/index.php?rest_route=\/wp\/v2\/users\/2"}],"replies":[{"embeddable":true,"href":"https:\/\/blog.liesdoch.de\/index.php?rest_route=%2Fwp%2Fv2%2Fcomments&post=8371"}],"version-history":[{"count":2,"href":"https:\/\/blog.liesdoch.de\/index.php?rest_route=\/wp\/v2\/posts\/8371\/revisions"}],"predecessor-version":[{"id":8374,"href":"https:\/\/blog.liesdoch.de\/index.php?rest_route=\/wp\/v2\/posts\/8371\/revisions\/8374"}],"wp:attachment":[{"href":"https:\/\/blog.liesdoch.de\/index.php?rest_route=%2Fwp%2Fv2%2Fmedia&parent=8371"}],"wp:term":[{"taxonomy":"category","embeddable":true,"href":"https:\/\/blog.liesdoch.de\/index.php?rest_route=%2Fwp%2Fv2%2Fcategories&post=8371"},{"taxonomy":"post_tag","embeddable":true,"href":"https:\/\/blog.liesdoch.de\/index.php?rest_route=%2Fwp%2Fv2%2Ftags&post=8371"}],"curies":[{"name":"wp","href":"https:\/\/api.w.org\/{rel}","templated":true}]}}