{"id":838,"date":"2015-12-01T15:06:26","date_gmt":"2015-12-01T13:06:26","guid":{"rendered":"http:\/\/blog.liesdoch.de\/?p=838"},"modified":"2015-12-01T15:06:26","modified_gmt":"2015-12-01T13:06:26","slug":"mein-rucksack-ist-mein-haus","status":"publish","type":"post","link":"https:\/\/blog.liesdoch.de\/?p=838","title":{"rendered":"Mein Rucksack ist mein Haus"},"content":{"rendered":"<p>&nbsp;<\/p>\n<p>&nbsp;<\/p>\n<p><a href=\"http:\/\/blog.liesdoch.de\/wp-content\/uploads\/2015\/12\/42715984z.jpg\"><img loading=\"lazy\" decoding=\"async\" class=\"alignnone size-medium wp-image-839\" src=\"http:\/\/blog.liesdoch.de\/wp-content\/uploads\/2015\/12\/42715984z-223x300.jpg\" alt=\"42715984z\" width=\"223\" height=\"300\" srcset=\"https:\/\/blog.liesdoch.de\/wp-content\/uploads\/2015\/12\/42715984z-223x300.jpg 223w, https:\/\/blog.liesdoch.de\/wp-content\/uploads\/2015\/12\/42715984z.jpg 313w\" sizes=\"auto, (max-width: 223px) 100vw, 223px\" \/><\/a><\/p>\n<p>Maria Stadler, Mein Rucksack ist mein Haus, Atlantis 2015, ISBN 978-3-7152-0703-2<\/p>\n<p>&nbsp;<\/p>\n<p>Der Kleine Hannes, vom Alter her ist er vielleicht gerade in die Schule gekommen, m\u00f6chte in die Welt hinausgehen und teilt das auch seiner vielbesch\u00e4ftigten Mutter mit. Sie neckt in mit dem Verweis auf \u201eH\u00e4nschen klein\u201c, doch er packt zielsicher seinen Rucksack und in einem unbeobachteten Moment verschwindet er aus der Haust\u00fcr und geht immer er Nase nach in den Wald.<\/p>\n<p>Alles hat er in seinen geliebten Rucksack gepackt, gen\u00fcgend Proviant und auch seine Lieblingsspielsachen. Ja, man a das Gef\u00fchl, er wolle nur deshalb hinaus in die Welt, um einmal seinen Rucksack auszuprobieren. Zu seiner Mutter sagte er noch, bevor er ging: \u201eMein Rucksack ist mein Haus.\u201c<\/p>\n<p>Er geht nicht sehr weit in den Wald hinein, als er Rast macht und von seinen Vorr\u00e4ten isst. Als es dunkel wird, sp\u00fcrt er, an die Eltern denkend, kurz einen Anflug von Traurigkeit, doch dann deckt er sich mit dem Rucksack zu und schl\u00e4ft.<\/p>\n<p>Bald schon f\u00e4ngt es an zu schneien, weil der Winter zur\u00fcckgekehrt ist und eine Menge Tiere schnuppern an dem fremden Waldgast. Alle finden sie Platz unter Hannes\u2018 Rucksack, w\u00e4rmen sich und schlafen ein.<\/p>\n<p>Derweil, haben die Eltern von Hannes schon mit ihrer Suche nach dem Sohn beginnen, doch erst als die Sonne aufgeht, finden sie und staunen \u00fcber die vielen Tiere, die aus Hannes Rucksack heraus purzeln.<\/p>\n<p>Ein sch\u00f6nes Buch mit zauberhaften Bildern, das erz\u00e4hlt von einem richtigen Jungenabenteuer, von dem man nicht genau wei\u00df, ob es Traum oder Wirklichkeit ist und von einer wunderbaren Heimkehr. Ein Buch, das aber an keiner Stelle problematisiert, dass Hannes einfach so von zu Hause fortgeht, ohne Bescheid zu sagen.<\/p>\n","protected":false},"excerpt":{"rendered":"<p>&nbsp; &nbsp; Maria Stadler, Mein Rucksack ist mein Haus, Atlantis 2015, ISBN 978-3-7152-0703-2 &nbsp; Der Kleine Hannes, vom Alter her ist er vielleicht gerade in die Schule gekommen, m\u00f6chte in die Welt hinausgehen und teilt das auch seiner vielbesch\u00e4ftigten Mutter mit. Sie neckt in mit dem Verweis auf \u201eH\u00e4nschen klein\u201c, doch er packt zielsicher seinen &hellip; <a href=\"https:\/\/blog.liesdoch.de\/?p=838\" class=\"more-link\"><span class=\"screen-reader-text\">Mein Rucksack ist mein Haus<\/span> weiterlesen <span class=\"meta-nav\">&rarr;<\/span><\/a><\/p>\n","protected":false},"author":6,"featured_media":0,"comment_status":"open","ping_status":"open","sticky":false,"template":"","format":"standard","meta":{"footnotes":""},"categories":[1],"tags":[33],"class_list":["post-838","post","type-post","status-publish","format-standard","hentry","category-allgemein","tag-bilderbuch"],"_links":{"self":[{"href":"https:\/\/blog.liesdoch.de\/index.php?rest_route=\/wp\/v2\/posts\/838","targetHints":{"allow":["GET"]}}],"collection":[{"href":"https:\/\/blog.liesdoch.de\/index.php?rest_route=\/wp\/v2\/posts"}],"about":[{"href":"https:\/\/blog.liesdoch.de\/index.php?rest_route=\/wp\/v2\/types\/post"}],"author":[{"embeddable":true,"href":"https:\/\/blog.liesdoch.de\/index.php?rest_route=\/wp\/v2\/users\/6"}],"replies":[{"embeddable":true,"href":"https:\/\/blog.liesdoch.de\/index.php?rest_route=%2Fwp%2Fv2%2Fcomments&post=838"}],"version-history":[{"count":1,"href":"https:\/\/blog.liesdoch.de\/index.php?rest_route=\/wp\/v2\/posts\/838\/revisions"}],"predecessor-version":[{"id":840,"href":"https:\/\/blog.liesdoch.de\/index.php?rest_route=\/wp\/v2\/posts\/838\/revisions\/840"}],"wp:attachment":[{"href":"https:\/\/blog.liesdoch.de\/index.php?rest_route=%2Fwp%2Fv2%2Fmedia&parent=838"}],"wp:term":[{"taxonomy":"category","embeddable":true,"href":"https:\/\/blog.liesdoch.de\/index.php?rest_route=%2Fwp%2Fv2%2Fcategories&post=838"},{"taxonomy":"post_tag","embeddable":true,"href":"https:\/\/blog.liesdoch.de\/index.php?rest_route=%2Fwp%2Fv2%2Ftags&post=838"}],"curies":[{"name":"wp","href":"https:\/\/api.w.org\/{rel}","templated":true}]}}