{"id":846,"date":"2015-12-02T14:31:55","date_gmt":"2015-12-02T12:31:55","guid":{"rendered":"http:\/\/blog.liesdoch.de\/?p=846"},"modified":"2015-12-02T14:31:55","modified_gmt":"2015-12-02T12:31:55","slug":"das-weihnachtskind","status":"publish","type":"post","link":"https:\/\/blog.liesdoch.de\/?p=846","title":{"rendered":"Das Weihnachtskind"},"content":{"rendered":"<p>&nbsp;<\/p>\n<p><a href=\"http:\/\/blog.liesdoch.de\/wp-content\/uploads\/2015\/12\/42679778z.jpg\"><img loading=\"lazy\" decoding=\"async\" class=\"alignnone size-medium wp-image-847\" src=\"http:\/\/blog.liesdoch.de\/wp-content\/uploads\/2015\/12\/42679778z-300x300.jpg\" alt=\"42679778z\" width=\"300\" height=\"300\" srcset=\"https:\/\/blog.liesdoch.de\/wp-content\/uploads\/2015\/12\/42679778z-300x300.jpg 300w, https:\/\/blog.liesdoch.de\/wp-content\/uploads\/2015\/12\/42679778z-150x150.jpg 150w, https:\/\/blog.liesdoch.de\/wp-content\/uploads\/2015\/12\/42679778z.jpg 475w\" sizes=\"auto, (max-width: 300px) 100vw, 300px\" \/><\/a><\/p>\n<p>&nbsp;<\/p>\n<p>Rose Lagercrantz, Das Weihnachtskind, Moritz Verlag 2015, ISBN 978-3-89565-309-4<\/p>\n<p>&nbsp;<\/p>\n<p>Rose Lagercrantz geb. 1947, ist eine sehr bekannte schwedische Schriftstellerin, die f\u00fcr Kinder Jugendliche und f\u00fcr Erwachsene mehrere Dutzend B\u00fccher verfasste, von denen viele in viele verschiedene Sprachen \u00fcbersetzt wurden.<\/p>\n<p>In ihrer Kindheit, so schreibt sie, habe sie nicht gewusst, warum Weihnachten gefeiert wird. Wahrscheinlich geht es heute immer mehr Kindern ganz genau so, wo schon die Erwachsenen dar\u00fcber nicht mehr genau Auskunft gegeben k\u00f6nnen. Deshalb habe sie auf Anregung von Lis (wohl eine Enkelin) diese uralte Geschichte aufgeschrieben.<\/p>\n<p>Ihre kindgerechte und der Weihnachtsgeschichte des Lukasevangeliums nachempfundene Erz\u00e4hlung f\u00e4ngt sowohl sozialgeschichtlich als auch theologisch den Sinn und die Bedeutung der Geburt Jesu ein. Die zauberhaften Illustrationen von Jutta Bauer, die der Verlag f\u00fcr dieses Buch gewinnen konnte, interpretieren die Geschichte auf ihre ganz eigene Weise.<\/p>\n<p>Wer sich also selbst religionsgeschichtlich etwas schwach auf der Brust f\u00fchlt, dem sei dieses schone Bilderbuch zum Vorlesen f\u00fcr seine Kinder nicht nur am Heiligen Abend sehr empfohlen.<\/p>\n","protected":false},"excerpt":{"rendered":"<p>&nbsp; &nbsp; Rose Lagercrantz, Das Weihnachtskind, Moritz Verlag 2015, ISBN 978-3-89565-309-4 &nbsp; Rose Lagercrantz geb. 1947, ist eine sehr bekannte schwedische Schriftstellerin, die f\u00fcr Kinder Jugendliche und f\u00fcr Erwachsene mehrere Dutzend B\u00fccher verfasste, von denen viele in viele verschiedene Sprachen \u00fcbersetzt wurden. In ihrer Kindheit, so schreibt sie, habe sie nicht gewusst, warum Weihnachten gefeiert &hellip; <a href=\"https:\/\/blog.liesdoch.de\/?p=846\" class=\"more-link\"><span class=\"screen-reader-text\">Das Weihnachtskind<\/span> weiterlesen <span class=\"meta-nav\">&rarr;<\/span><\/a><\/p>\n","protected":false},"author":6,"featured_media":0,"comment_status":"open","ping_status":"open","sticky":false,"template":"","format":"standard","meta":{"footnotes":""},"categories":[1],"tags":[288],"class_list":["post-846","post","type-post","status-publish","format-standard","hentry","category-allgemein","tag-weihnachtsgeschichte"],"_links":{"self":[{"href":"https:\/\/blog.liesdoch.de\/index.php?rest_route=\/wp\/v2\/posts\/846","targetHints":{"allow":["GET"]}}],"collection":[{"href":"https:\/\/blog.liesdoch.de\/index.php?rest_route=\/wp\/v2\/posts"}],"about":[{"href":"https:\/\/blog.liesdoch.de\/index.php?rest_route=\/wp\/v2\/types\/post"}],"author":[{"embeddable":true,"href":"https:\/\/blog.liesdoch.de\/index.php?rest_route=\/wp\/v2\/users\/6"}],"replies":[{"embeddable":true,"href":"https:\/\/blog.liesdoch.de\/index.php?rest_route=%2Fwp%2Fv2%2Fcomments&post=846"}],"version-history":[{"count":1,"href":"https:\/\/blog.liesdoch.de\/index.php?rest_route=\/wp\/v2\/posts\/846\/revisions"}],"predecessor-version":[{"id":848,"href":"https:\/\/blog.liesdoch.de\/index.php?rest_route=\/wp\/v2\/posts\/846\/revisions\/848"}],"wp:attachment":[{"href":"https:\/\/blog.liesdoch.de\/index.php?rest_route=%2Fwp%2Fv2%2Fmedia&parent=846"}],"wp:term":[{"taxonomy":"category","embeddable":true,"href":"https:\/\/blog.liesdoch.de\/index.php?rest_route=%2Fwp%2Fv2%2Fcategories&post=846"},{"taxonomy":"post_tag","embeddable":true,"href":"https:\/\/blog.liesdoch.de\/index.php?rest_route=%2Fwp%2Fv2%2Ftags&post=846"}],"curies":[{"name":"wp","href":"https:\/\/api.w.org\/{rel}","templated":true}]}}