{"id":863,"date":"2015-12-04T11:20:31","date_gmt":"2015-12-04T09:20:31","guid":{"rendered":"http:\/\/blog.liesdoch.de\/?p=863"},"modified":"2015-12-04T11:20:31","modified_gmt":"2015-12-04T09:20:31","slug":"all-the-children","status":"publish","type":"post","link":"https:\/\/blog.liesdoch.de\/?p=863","title":{"rendered":"All the children"},"content":{"rendered":"<p>&nbsp;<\/p>\n<p>&nbsp;<\/p>\n<p><a href=\"http:\/\/blog.liesdoch.de\/wp-content\/uploads\/2015\/12\/42557576z.jpg\"><img loading=\"lazy\" decoding=\"async\" class=\"alignnone size-medium wp-image-864\" src=\"http:\/\/blog.liesdoch.de\/wp-content\/uploads\/2015\/12\/42557576z-300x232.jpg\" alt=\"42557576z\" width=\"300\" height=\"232\" srcset=\"https:\/\/blog.liesdoch.de\/wp-content\/uploads\/2015\/12\/42557576z-300x232.jpg 300w, https:\/\/blog.liesdoch.de\/wp-content\/uploads\/2015\/12\/42557576z.jpg 340w\" sizes=\"auto, (max-width: 300px) 100vw, 300px\" \/><\/a><\/p>\n<p>&nbsp;<\/p>\n<p>Anke Kuhl, All the children, Klett Kinderbuch 2015, ISBN 978-3-95470-128-5<\/p>\n<p>&nbsp;<\/p>\n<p>&nbsp;<\/p>\n<p>Dieses au\u00dfergew\u00f6hnliche Bilderbuch ist nichts f\u00fcr zartbesaitete Eltern und Erwachsene. &#8222;Entsetzlich lustig und erfrischend b\u00f6se&#8220; will es ein ABC-Buch f\u00fcr ausgeschlafene Leseanf\u00e4nger sein. Ein ABC der Schadenfreude, das f\u00fcr die Kinder heute so normal ist wie nur irgendetwas. Etwa jener Reim, der seit langem von einer Sch\u00fclergenerationen an die andere weitergegeben wird:<br \/>\n&#8222;Alle Kinder gehen zum Friedhof.<br \/>\nAu\u00dfer Hagen &#8211; der wird getragen.&#8220;<\/p>\n<p>Kinder finden solche schadenfreudigen Reime originell, und auch wenn sie sonst nicht gerne Gedichte lernen und aufsagen, solche Verse k\u00f6nnen sie alle dichten. Noch ein paar Kostproben gef\u00e4llig?<\/p>\n<p>&#8222;Alle Kinder laufen ins Haus.<br \/>\nAu\u00dfer Fritz &#8211; den trifft der Blitz.&#8220;<\/p>\n<p>&#8222;Alle Kinder lesen dieses Buch. (n\u00e4mlich &#8222;Alle Kinder&#8220;)<br \/>\nAu\u00dfer Xaver &#8211; der ist ein Braver.&#8220;<\/p>\n<p>Man muss nicht erschrocken zur\u00fcckweichen vor diesem trockenen Kinderhumor, der in diesem Buch mit lustigen und originellen Zeichnungen von Anke Kuhl in Szene gesetzt wurde.<\/p>\n<p>Mir hat das Buch gefallen und ich bin sicher, Kinder ab etwa 5 Jahren sind von diesen Reimen begeistert und k\u00f6nnen sehr wohl den schwarzen Humor dahinter identifizieren.<\/p>\n<p>Die nun ver\u00f6ffentlichte englische Ausgabe ist entstanden in einem Gemeinschaftsprojekt mit dem reimlustigen Klasse 4a der Platanus Schule in Berlin und ihrem Lehrer Simon Gaunt.<\/p>\n<p>&nbsp;<\/p>\n<p>So macht das Fr\u00fchenglisch gleich noch mal so viel Freude.<\/p>\n","protected":false},"excerpt":{"rendered":"<p>&nbsp; &nbsp; &nbsp; Anke Kuhl, All the children, Klett Kinderbuch 2015, ISBN 978-3-95470-128-5 &nbsp; &nbsp; Dieses au\u00dfergew\u00f6hnliche Bilderbuch ist nichts f\u00fcr zartbesaitete Eltern und Erwachsene. &#8222;Entsetzlich lustig und erfrischend b\u00f6se&#8220; will es ein ABC-Buch f\u00fcr ausgeschlafene Leseanf\u00e4nger sein. Ein ABC der Schadenfreude, das f\u00fcr die Kinder heute so normal ist wie nur irgendetwas. Etwa jener &hellip; <a href=\"https:\/\/blog.liesdoch.de\/?p=863\" class=\"more-link\"><span class=\"screen-reader-text\">All the children<\/span> weiterlesen <span class=\"meta-nav\">&rarr;<\/span><\/a><\/p>\n","protected":false},"author":6,"featured_media":0,"comment_status":"open","ping_status":"open","sticky":false,"template":"","format":"standard","meta":{"footnotes":""},"categories":[1],"tags":[33,293,42],"class_list":["post-863","post","type-post","status-publish","format-standard","hentry","category-allgemein","tag-bilderbuch","tag-fruehenglisch","tag-reime"],"_links":{"self":[{"href":"https:\/\/blog.liesdoch.de\/index.php?rest_route=\/wp\/v2\/posts\/863","targetHints":{"allow":["GET"]}}],"collection":[{"href":"https:\/\/blog.liesdoch.de\/index.php?rest_route=\/wp\/v2\/posts"}],"about":[{"href":"https:\/\/blog.liesdoch.de\/index.php?rest_route=\/wp\/v2\/types\/post"}],"author":[{"embeddable":true,"href":"https:\/\/blog.liesdoch.de\/index.php?rest_route=\/wp\/v2\/users\/6"}],"replies":[{"embeddable":true,"href":"https:\/\/blog.liesdoch.de\/index.php?rest_route=%2Fwp%2Fv2%2Fcomments&post=863"}],"version-history":[{"count":1,"href":"https:\/\/blog.liesdoch.de\/index.php?rest_route=\/wp\/v2\/posts\/863\/revisions"}],"predecessor-version":[{"id":865,"href":"https:\/\/blog.liesdoch.de\/index.php?rest_route=\/wp\/v2\/posts\/863\/revisions\/865"}],"wp:attachment":[{"href":"https:\/\/blog.liesdoch.de\/index.php?rest_route=%2Fwp%2Fv2%2Fmedia&parent=863"}],"wp:term":[{"taxonomy":"category","embeddable":true,"href":"https:\/\/blog.liesdoch.de\/index.php?rest_route=%2Fwp%2Fv2%2Fcategories&post=863"},{"taxonomy":"post_tag","embeddable":true,"href":"https:\/\/blog.liesdoch.de\/index.php?rest_route=%2Fwp%2Fv2%2Ftags&post=863"}],"curies":[{"name":"wp","href":"https:\/\/api.w.org\/{rel}","templated":true}]}}