{"id":871,"date":"2015-12-07T13:15:00","date_gmt":"2015-12-07T11:15:00","guid":{"rendered":"http:\/\/blog.liesdoch.de\/?p=871"},"modified":"2015-12-07T13:15:00","modified_gmt":"2015-12-07T11:15:00","slug":"tod-eines-gluecklichen-menschen","status":"publish","type":"post","link":"https:\/\/blog.liesdoch.de\/?p=871","title":{"rendered":"Tod eines gl\u00fccklichen Menschen"},"content":{"rendered":"<p>&nbsp;<\/p>\n<p><a href=\"http:\/\/blog.liesdoch.de\/wp-content\/uploads\/2015\/12\/42715190z.jpg\"><img loading=\"lazy\" decoding=\"async\" class=\"alignnone size-medium wp-image-872\" src=\"http:\/\/blog.liesdoch.de\/wp-content\/uploads\/2015\/12\/42715190z-183x300.jpg\" alt=\"42715190z\" width=\"183\" height=\"300\" srcset=\"https:\/\/blog.liesdoch.de\/wp-content\/uploads\/2015\/12\/42715190z-183x300.jpg 183w, https:\/\/blog.liesdoch.de\/wp-content\/uploads\/2015\/12\/42715190z.jpg 290w\" sizes=\"auto, (max-width: 183px) 100vw, 183px\" \/><\/a><\/p>\n<p>&nbsp;<\/p>\n<p>Giorgio Fontana, Tod eines gl\u00fccklichen Menschen, Nagel &amp; Kimche 2015, ISBN 978-3-312-00664-9<\/p>\n<p>&nbsp;<\/p>\n<p>Giorgio Fontana, ein junger 1981 geborener italienischer Schriftsteller aus Mailand, geh\u00f6rt seit seinem Deb\u00fctroman\u00a0 &#8222;Im Namen der Gerechtigkeit&#8220; zu der gl\u00fccklicherweise immer gr\u00f6\u00dfer werdenden Zahl italienischer Schriftsteller und Intellektueller, die den moralischen Zustand und Verfall ihres Heimatlandes nicht l\u00e4nger hinnehmen wollen und mit ihren B\u00fcchern und \u00f6ffentlichen Auftritten dem etwas entgegen setzen, das f\u00fcr Italien hoffen l\u00e4sst.<\/p>\n<p>In seinem hier vorliegenden Roman geht es zum einen um die Aufarbeitung der Zeit des Terrors der Roten Brigaden in Mailand und zum anderen um das Streben nach Gerechtigkeit und wie schnell es geschehen kann, dass sich ein Staatsanwalt in seinen Prinzipien denen ann\u00e4hert, die er aus moralisch und juristischen absolut lauteren Gr\u00fcnden verfolgt.<\/p>\n<p>Staatsanwalt Colnaghi, die Hauptperson seines neuen, wieder bei Nagel &amp; Kimche erschienenen Romans, hat\u00a0 dieses Engagement von seinem Vater geerbt, der im Krieg im Widerstand gegen die Nazis k\u00e4mpfte und dabei seine Familie und seinen Sohn im Stich lie\u00df.<\/p>\n<p>In schraffiert gedruckten R\u00fcckblicken beschreibt Fontana diese Widerstandsgeschichte des Vaters und stellt sie immer wieder\u00a0 dem im Jahr 1981 angesiedelten Handeln seines Sohnes gegen\u00fcber.<\/p>\n<p>Der ist mit missionarischem Eifer damit besch\u00e4ftigt, den Roten Brigaden auf die Spur zu kommen. Dabei will er beim unerm\u00fcdlichen Studium von deren aufgeblasenen Manifesten herausfinden, was diese Terroristen bewegt. Welche Vorstellung von einer gerechten Gesellschaft haben sie und wie unterscheidet sie sich von seiner eigenen? Als er in einer spektakul\u00e4ren Aktion den Top-Terroristen Gianni Meraviglia fassen kann, ist Colnaghi nicht wirklich zufrieden. In unz\u00e4hligen Gespr\u00e4chen versucht er zu verstehen, welche Ideale und Werte es rechtfertigen, ein Menschenleben zu vernichten und in der Folge noch mehrere andere von Familienmitgliedern dazu, was\u00a0Tanja Kinkel in ihrem neuen Roman\u00a0\u201eSchlaf der Vernunft\u201c\u00a0\u00a0\u00a0auf beeindruckende Weise gezeigt hat.<\/p>\n<p>Auch Meraviglia tr\u00e4umt von Gleichheit und Gerechtigkeit, aber er w\u00e4hlt einen komplett anderen Weg. An diesen Gegens\u00e4tzen leidet der Leser, gerade wenn er diese bleiernen Zeiten in Italien und in Deutschland miterlebt hat, mit. Bei Colnaghi kommt noch dazu, dass er sich immer wieder mit seinem\u00a0 Vater vergleicht, dessen Widerstands- und Lebensgeschichte Fontana parallel erz\u00e4hlt und dabei manches entdeckt, was ihm gar nicht gefallen will.<\/p>\n<p>Ein intensiver Roman, der ein ganzanderes Italien zeigt, eines, das Hoffnung macht.<\/p>\n<p>Dass es in unserer Welt nicht erst seit kurzem eine Form von Gewalt und Terror gibt, f\u00fcr die die Frage nach Gerechtigkeit gar keine Bedeutung mehr hat, steht auf einem anderen Blatt.<\/p>\n<p>&nbsp;<\/p>\n","protected":false},"excerpt":{"rendered":"<p>&nbsp; &nbsp; Giorgio Fontana, Tod eines gl\u00fccklichen Menschen, Nagel &amp; Kimche 2015, ISBN 978-3-312-00664-9 &nbsp; Giorgio Fontana, ein junger 1981 geborener italienischer Schriftsteller aus Mailand, geh\u00f6rt seit seinem Deb\u00fctroman\u00a0 &#8222;Im Namen der Gerechtigkeit&#8220; zu der gl\u00fccklicherweise immer gr\u00f6\u00dfer werdenden Zahl italienischer Schriftsteller und Intellektueller, die den moralischen Zustand und Verfall ihres Heimatlandes nicht l\u00e4nger hinnehmen &hellip; <a href=\"https:\/\/blog.liesdoch.de\/?p=871\" class=\"more-link\"><span class=\"screen-reader-text\">Tod eines gl\u00fccklichen Menschen<\/span> weiterlesen <span class=\"meta-nav\">&rarr;<\/span><\/a><\/p>\n","protected":false},"author":6,"featured_media":0,"comment_status":"open","ping_status":"open","sticky":false,"template":"","format":"standard","meta":{"footnotes":""},"categories":[1],"tags":[295,113],"class_list":["post-871","post","type-post","status-publish","format-standard","hentry","category-allgemein","tag-brigade-rosso","tag-italien"],"_links":{"self":[{"href":"https:\/\/blog.liesdoch.de\/index.php?rest_route=\/wp\/v2\/posts\/871","targetHints":{"allow":["GET"]}}],"collection":[{"href":"https:\/\/blog.liesdoch.de\/index.php?rest_route=\/wp\/v2\/posts"}],"about":[{"href":"https:\/\/blog.liesdoch.de\/index.php?rest_route=\/wp\/v2\/types\/post"}],"author":[{"embeddable":true,"href":"https:\/\/blog.liesdoch.de\/index.php?rest_route=\/wp\/v2\/users\/6"}],"replies":[{"embeddable":true,"href":"https:\/\/blog.liesdoch.de\/index.php?rest_route=%2Fwp%2Fv2%2Fcomments&post=871"}],"version-history":[{"count":1,"href":"https:\/\/blog.liesdoch.de\/index.php?rest_route=\/wp\/v2\/posts\/871\/revisions"}],"predecessor-version":[{"id":873,"href":"https:\/\/blog.liesdoch.de\/index.php?rest_route=\/wp\/v2\/posts\/871\/revisions\/873"}],"wp:attachment":[{"href":"https:\/\/blog.liesdoch.de\/index.php?rest_route=%2Fwp%2Fv2%2Fmedia&parent=871"}],"wp:term":[{"taxonomy":"category","embeddable":true,"href":"https:\/\/blog.liesdoch.de\/index.php?rest_route=%2Fwp%2Fv2%2Fcategories&post=871"},{"taxonomy":"post_tag","embeddable":true,"href":"https:\/\/blog.liesdoch.de\/index.php?rest_route=%2Fwp%2Fv2%2Ftags&post=871"}],"curies":[{"name":"wp","href":"https:\/\/api.w.org\/{rel}","templated":true}]}}