{"id":884,"date":"2015-12-08T14:08:38","date_gmt":"2015-12-08T12:08:38","guid":{"rendered":"http:\/\/blog.liesdoch.de\/?p=884"},"modified":"2015-12-08T14:08:38","modified_gmt":"2015-12-08T12:08:38","slug":"der-wolf-der-aus-dem-buch-fiel","status":"publish","type":"post","link":"https:\/\/blog.liesdoch.de\/?p=884","title":{"rendered":"Der Wolf, der aus dem Buch fiel"},"content":{"rendered":"<p><a href=\"http:\/\/blog.liesdoch.de\/wp-content\/uploads\/2015\/12\/42678683z.jpg\"><img loading=\"lazy\" decoding=\"async\" class=\"alignnone size-medium wp-image-885\" src=\"http:\/\/blog.liesdoch.de\/wp-content\/uploads\/2015\/12\/42678683z-246x300.jpg\" alt=\"42678683z\" width=\"246\" height=\"300\" srcset=\"https:\/\/blog.liesdoch.de\/wp-content\/uploads\/2015\/12\/42678683z-246x300.jpg 246w, https:\/\/blog.liesdoch.de\/wp-content\/uploads\/2015\/12\/42678683z.jpg 340w\" sizes=\"auto, (max-width: 246px) 100vw, 246px\" \/><\/a><\/p>\n<p>&nbsp;<\/p>\n<p>Thierry Robberecht, Der\u00a0 Wolf, der aus dem Buch fiel,\u00a0 Ravensburger Buchverlag 2015, ISBN 978-3-473-44668-1<\/p>\n<p>&nbsp;<\/p>\n<p>Das ist ein wunderbares Bilderbuch aus Frankreich f\u00fcr alle Kinder, die B\u00fccher lieben und in deren Zimmern es nicht nur Kuscheltiere gibt, sondern auch richtige Regale mit all den vielen B\u00fcchern drin, die ihnen die Eltern seit ihrer Geburt gekauft und hoffentlich auch immer wieder vorgelesen haben.\u00a0 Unser Sohn hat so ein Regal, das aber irgendwann w\u00e4hrend der Grundschule wegen \u00dcberf\u00fcllung in ein anderes Zimmer ausgelagert werden musste, dessen Inhalt er aber auch im sechsten Schuljahr noch verteidigt, obwohl er all die sch\u00f6nen Bilderb\u00fccher, die ich vom Vorlesen fast auswendig kenne, nicht mehr anschaut. Sie geh\u00f6ren zu einer fr\u00fcheren Phase seiner Kindheit und die will er sich bewahren.<\/p>\n<p>Vor dem Hintergrund eines solchen Kinderbuchregals spielt sich die Geschichte dieses von Gregoire Mabire beeindruckend illustrierten Bilderbuches ab. Als eines Tages aus dem vollen Regal in einem Kinderzimmer (sein Bewohner ist wohl gerade im Kindergarten) ein Buch herausf\u00e4llt, da purzelt ein Wolf heraus, von dem es handelt. Schon w\u00e4hrend er sich verdutzt umschaut, entdeckt er eine Katze im Regal, die es schnell auf ihn abgesehen hat. Als er in sein Buch zur\u00fcck will, wird er von einem Schaf vertrieben, weil er in eine der ersten Seiten geschl\u00fcpft ist und deshalb noch lange nicht dran ist.<\/p>\n<p>Auch in vielen anderen B\u00fcchern findet er auf der Flucht vor der Katze kein Obdach. Erst als er in einem dicken M\u00e4rchenbuch die richtige Stelle erwischt und in der Geschichte von Rotk\u00e4ppchen landet,\u00a0 scheint er gerettet. Denn das M\u00e4dchen weint, weil es in seiner Geschichte auf den Wolf wartet, der aber bisher nicht gekommen ist. Der Wolf tr\u00f6stet das M\u00e4dchen und begleitet es den Weg zu seiner Gro\u00dfmutter. Aber kurz zuvor trennen sie sich\u00a0 &#8222;um den Kindern den Spa\u00df nicht zu verderben.\u201c<\/p>\n<p>Eine sch\u00f6ne Reise durch die Welt der B\u00fccher und M\u00e4rchen mit einer lustigen Geschichte, die die Kinder zum Mitmachen und Erz\u00e4hlen einl\u00e4dt.<\/p>\n<p>&nbsp;<\/p>\n","protected":false},"excerpt":{"rendered":"<p>&nbsp; Thierry Robberecht, Der\u00a0 Wolf, der aus dem Buch fiel,\u00a0 Ravensburger Buchverlag 2015, ISBN 978-3-473-44668-1 &nbsp; Das ist ein wunderbares Bilderbuch aus Frankreich f\u00fcr alle Kinder, die B\u00fccher lieben und in deren Zimmern es nicht nur Kuscheltiere gibt, sondern auch richtige Regale mit all den vielen B\u00fcchern drin, die ihnen die Eltern seit ihrer Geburt &hellip; <a href=\"https:\/\/blog.liesdoch.de\/?p=884\" class=\"more-link\"><span class=\"screen-reader-text\">Der Wolf, der aus dem Buch fiel<\/span> weiterlesen <span class=\"meta-nav\">&rarr;<\/span><\/a><\/p>\n","protected":false},"author":6,"featured_media":0,"comment_status":"open","ping_status":"open","sticky":false,"template":"","format":"standard","meta":{"footnotes":""},"categories":[1],"tags":[33,239,139],"class_list":["post-884","post","type-post","status-publish","format-standard","hentry","category-allgemein","tag-bilderbuch","tag-buecher","tag-maerchen"],"_links":{"self":[{"href":"https:\/\/blog.liesdoch.de\/index.php?rest_route=\/wp\/v2\/posts\/884","targetHints":{"allow":["GET"]}}],"collection":[{"href":"https:\/\/blog.liesdoch.de\/index.php?rest_route=\/wp\/v2\/posts"}],"about":[{"href":"https:\/\/blog.liesdoch.de\/index.php?rest_route=\/wp\/v2\/types\/post"}],"author":[{"embeddable":true,"href":"https:\/\/blog.liesdoch.de\/index.php?rest_route=\/wp\/v2\/users\/6"}],"replies":[{"embeddable":true,"href":"https:\/\/blog.liesdoch.de\/index.php?rest_route=%2Fwp%2Fv2%2Fcomments&post=884"}],"version-history":[{"count":1,"href":"https:\/\/blog.liesdoch.de\/index.php?rest_route=\/wp\/v2\/posts\/884\/revisions"}],"predecessor-version":[{"id":886,"href":"https:\/\/blog.liesdoch.de\/index.php?rest_route=\/wp\/v2\/posts\/884\/revisions\/886"}],"wp:attachment":[{"href":"https:\/\/blog.liesdoch.de\/index.php?rest_route=%2Fwp%2Fv2%2Fmedia&parent=884"}],"wp:term":[{"taxonomy":"category","embeddable":true,"href":"https:\/\/blog.liesdoch.de\/index.php?rest_route=%2Fwp%2Fv2%2Fcategories&post=884"},{"taxonomy":"post_tag","embeddable":true,"href":"https:\/\/blog.liesdoch.de\/index.php?rest_route=%2Fwp%2Fv2%2Ftags&post=884"}],"curies":[{"name":"wp","href":"https:\/\/api.w.org\/{rel}","templated":true}]}}