{"id":892,"date":"2015-12-08T14:39:46","date_gmt":"2015-12-08T12:39:46","guid":{"rendered":"http:\/\/blog.liesdoch.de\/?p=892"},"modified":"2015-12-08T14:39:46","modified_gmt":"2015-12-08T12:39:46","slug":"der-rote-kater","status":"publish","type":"post","link":"https:\/\/blog.liesdoch.de\/?p=892","title":{"rendered":"Der rote Kater"},"content":{"rendered":"<p>&nbsp;<\/p>\n<p>&nbsp;<\/p>\n<p>&nbsp;<\/p>\n<p><a href=\"http:\/\/blog.liesdoch.de\/wp-content\/uploads\/2015\/12\/42679577z.jpg\"><img loading=\"lazy\" decoding=\"async\" class=\"alignnone size-medium wp-image-893\" src=\"http:\/\/blog.liesdoch.de\/wp-content\/uploads\/2015\/12\/42679577z-225x300.jpg\" alt=\"42679577z\" width=\"225\" height=\"300\" srcset=\"https:\/\/blog.liesdoch.de\/wp-content\/uploads\/2015\/12\/42679577z-225x300.jpg 225w, https:\/\/blog.liesdoch.de\/wp-content\/uploads\/2015\/12\/42679577z.jpg 357w\" sizes=\"auto, (max-width: 225px) 100vw, 225px\" \/><\/a><\/p>\n<p>&nbsp;<\/p>\n<p>Gregoire Solotareff, Der rote Kater, Moritz Verlag 2015, ISBN 978-3-89565-306-3<\/p>\n<p>F\u00fcr sein Kinderbuch \u201eDu gro\u00df, und ich klein\u201c erhielt der franz\u00f6sische Illustrator Gregoire Solotareff im Jahr 1997 den Deutschen Jugendliteraturpreis. Einige Bilderbuchliebhaber werden sich an dieses sch\u00f6ne Buch noch erinnern und es vielleicht auch bei Vorleseaktionen in B\u00fcchereien und anderswo immer wieder aus dem Regal nehmen und nutzen.<\/p>\n<p>Nun ver\u00f6ffentlicht der Moritz Verlag ein neues Buch dieses begnadeten Illustrators, in dem er die Geschichte eines roten Katers erz\u00e4hlt. Der wird wie viele Rothaarige von seinen Artgenossen gemieden und ausgeschert. Sie machen Witze \u00fcber ihn und er ist traurig dar\u00fcber.<\/p>\n<p>Doch als er eines Tages eine wei\u00dfe Katze trifft, \u00e4ndert sich sein Leben, was er selbst aber erst sp\u00e4ter merken wird. Sie spielen zusammen und erleben ein m\u00e4rchenhaftes Abenteuer, in dem ein hungriger, klappriger Wolf mit Zahnschmerzen und sp\u00e4ter eine sehr freundlich daherkommende Hexe ihnen Honig ums Maul schmieren will.<\/p>\n<p>Doch die beiden, die sich mittlerweile fast blind verstehen, riechen\u00a0 den Braten, kehren nach einem Auftrag der Hexe nicht mehr aus dem Dorf zur\u00fcck und machen es sich zusammen auf einem Dachboden gem\u00fctlich.<br \/>\n\u201eSo sind Katzen eben: sie tun und lassen was sie wollen.\u201c Genauso wie selbstbewusste Kinder, die sich nicht um ihre \u00e4u\u00dferlichen Merkmale scheren.<\/p>\n<p>Ein wundersch\u00f6nes Bilderbuch f\u00fcr alle Rothaarigen, f\u00fcr alle Katzenliebhaber und die Freunde von \u201eIch bin ich\u201c.<\/p>\n","protected":false},"excerpt":{"rendered":"<p>&nbsp; &nbsp; &nbsp; &nbsp; Gregoire Solotareff, Der rote Kater, Moritz Verlag 2015, ISBN 978-3-89565-306-3 F\u00fcr sein Kinderbuch \u201eDu gro\u00df, und ich klein\u201c erhielt der franz\u00f6sische Illustrator Gregoire Solotareff im Jahr 1997 den Deutschen Jugendliteraturpreis. Einige Bilderbuchliebhaber werden sich an dieses sch\u00f6ne Buch noch erinnern und es vielleicht auch bei Vorleseaktionen in B\u00fcchereien und anderswo immer &hellip; <a href=\"https:\/\/blog.liesdoch.de\/?p=892\" class=\"more-link\"><span class=\"screen-reader-text\">Der rote Kater<\/span> weiterlesen <span class=\"meta-nav\">&rarr;<\/span><\/a><\/p>\n","protected":false},"author":6,"featured_media":0,"comment_status":"open","ping_status":"open","sticky":false,"template":"","format":"standard","meta":{"footnotes":""},"categories":[1],"tags":[44,300],"class_list":["post-892","post","type-post","status-publish","format-standard","hentry","category-allgemein","tag-aussenseiter","tag-selbstbewusstsein"],"_links":{"self":[{"href":"https:\/\/blog.liesdoch.de\/index.php?rest_route=\/wp\/v2\/posts\/892","targetHints":{"allow":["GET"]}}],"collection":[{"href":"https:\/\/blog.liesdoch.de\/index.php?rest_route=\/wp\/v2\/posts"}],"about":[{"href":"https:\/\/blog.liesdoch.de\/index.php?rest_route=\/wp\/v2\/types\/post"}],"author":[{"embeddable":true,"href":"https:\/\/blog.liesdoch.de\/index.php?rest_route=\/wp\/v2\/users\/6"}],"replies":[{"embeddable":true,"href":"https:\/\/blog.liesdoch.de\/index.php?rest_route=%2Fwp%2Fv2%2Fcomments&post=892"}],"version-history":[{"count":1,"href":"https:\/\/blog.liesdoch.de\/index.php?rest_route=\/wp\/v2\/posts\/892\/revisions"}],"predecessor-version":[{"id":894,"href":"https:\/\/blog.liesdoch.de\/index.php?rest_route=\/wp\/v2\/posts\/892\/revisions\/894"}],"wp:attachment":[{"href":"https:\/\/blog.liesdoch.de\/index.php?rest_route=%2Fwp%2Fv2%2Fmedia&parent=892"}],"wp:term":[{"taxonomy":"category","embeddable":true,"href":"https:\/\/blog.liesdoch.de\/index.php?rest_route=%2Fwp%2Fv2%2Fcategories&post=892"},{"taxonomy":"post_tag","embeddable":true,"href":"https:\/\/blog.liesdoch.de\/index.php?rest_route=%2Fwp%2Fv2%2Ftags&post=892"}],"curies":[{"name":"wp","href":"https:\/\/api.w.org\/{rel}","templated":true}]}}