{"id":908,"date":"2015-12-09T14:22:42","date_gmt":"2015-12-09T12:22:42","guid":{"rendered":"http:\/\/blog.liesdoch.de\/?p=908"},"modified":"2015-12-09T14:22:42","modified_gmt":"2015-12-09T12:22:42","slug":"sofie-mit-dem-grossen-horn","status":"publish","type":"post","link":"https:\/\/blog.liesdoch.de\/?p=908","title":{"rendered":"Sofie mit dem gro\u00dfen Horn"},"content":{"rendered":"<p>&nbsp;<\/p>\n<p>&nbsp;<\/p>\n<p>&nbsp;<\/p>\n<p><a href=\"http:\/\/blog.liesdoch.de\/wp-content\/uploads\/2015\/12\/42715168z.jpg\"><img loading=\"lazy\" decoding=\"async\" class=\"alignnone size-medium wp-image-909\" src=\"http:\/\/blog.liesdoch.de\/wp-content\/uploads\/2015\/12\/42715168z-226x300.jpg\" alt=\"42715168z\" width=\"226\" height=\"300\" srcset=\"https:\/\/blog.liesdoch.de\/wp-content\/uploads\/2015\/12\/42715168z-226x300.jpg 226w, https:\/\/blog.liesdoch.de\/wp-content\/uploads\/2015\/12\/42715168z.jpg 359w\" sizes=\"auto, (max-width: 226px) 100vw, 226px\" \/><\/a><\/p>\n<p>Hans Traxler, Sofie mit dem gro\u00dfen Horn, Hanser 2015, ISBN 978-3-446-24988-2<\/p>\n<p>Nach seinen beiden Bilderb\u00fcchern &#8222;Komm Emil, wir gehen heim&#8220; und &#8222;Franz, der Junge, der ein Murmeltier sein wollte&#8220; legt der Karikaturist A Traxler den dritten Band seiner Alpentrilogie f\u00fcr Kinder vor.\u00a0 In seinem auch f\u00fcr Erwachsene gedachten Bilderbuch &#8220; Sofie mit dem gro\u00dfen Horn&#8220; erz\u00e4hlt er die Geschichte einer Familie, in der alle Mitglieder, Eltern,\u00a0 drei Schwestern und ein gro\u00dfer Bruder voller Begeisterung die Blockfl\u00f6te spielen.<br \/>\nNur die kleine Sofie ist anders. Sie tut sich schwer, der Begeisterung ihrer Familie etwas abzugewinnen. Als Sofie im n\u00e4chsten Fr\u00fchjahr einer Einladung ihrer Gro\u00dfmutter Gertrude an den F\u00fcchsliberg folgt, ahnt sie noch nicht;\u00a0 welche Begegnung ihr bevorsteht. Sie wird auf eine nicht f\u00fcr m\u00f6glich gehaltene Weise ihre Abneigung gegen Fl\u00f6ten Instrumente verlieren. Nachdem sie einem fremden Ton folgt und einen Alphornbl\u00e4ser trifft, wird sie ihre Begeisterung f\u00fcr dieses riesige Instrument nicht mehr verlieren. Nicht nur zur \u00dcberraschung ihrer Eltern, sondern der ganzen Bev\u00f6lkerung des F\u00fcchsliberges.<\/p>\n<p>Ein sch\u00f6nes mit spitzer Feder gezeichnetes Bilderbuch.<\/p>\n<p>&nbsp;<\/p>\n","protected":false},"excerpt":{"rendered":"<p>&nbsp; &nbsp; &nbsp; Hans Traxler, Sofie mit dem gro\u00dfen Horn, Hanser 2015, ISBN 978-3-446-24988-2 Nach seinen beiden Bilderb\u00fcchern &#8222;Komm Emil, wir gehen heim&#8220; und &#8222;Franz, der Junge, der ein Murmeltier sein wollte&#8220; legt der Karikaturist A Traxler den dritten Band seiner Alpentrilogie f\u00fcr Kinder vor.\u00a0 In seinem auch f\u00fcr Erwachsene gedachten Bilderbuch &#8220; Sofie mit &hellip; <a href=\"https:\/\/blog.liesdoch.de\/?p=908\" class=\"more-link\"><span class=\"screen-reader-text\">Sofie mit dem gro\u00dfen Horn<\/span> weiterlesen <span class=\"meta-nav\">&rarr;<\/span><\/a><\/p>\n","protected":false},"author":6,"featured_media":0,"comment_status":"open","ping_status":"open","sticky":false,"template":"","format":"standard","meta":{"footnotes":""},"categories":[1],"tags":[33,306],"class_list":["post-908","post","type-post","status-publish","format-standard","hentry","category-allgemein","tag-bilderbuch","tag-hans-traxler"],"_links":{"self":[{"href":"https:\/\/blog.liesdoch.de\/index.php?rest_route=\/wp\/v2\/posts\/908","targetHints":{"allow":["GET"]}}],"collection":[{"href":"https:\/\/blog.liesdoch.de\/index.php?rest_route=\/wp\/v2\/posts"}],"about":[{"href":"https:\/\/blog.liesdoch.de\/index.php?rest_route=\/wp\/v2\/types\/post"}],"author":[{"embeddable":true,"href":"https:\/\/blog.liesdoch.de\/index.php?rest_route=\/wp\/v2\/users\/6"}],"replies":[{"embeddable":true,"href":"https:\/\/blog.liesdoch.de\/index.php?rest_route=%2Fwp%2Fv2%2Fcomments&post=908"}],"version-history":[{"count":1,"href":"https:\/\/blog.liesdoch.de\/index.php?rest_route=\/wp\/v2\/posts\/908\/revisions"}],"predecessor-version":[{"id":910,"href":"https:\/\/blog.liesdoch.de\/index.php?rest_route=\/wp\/v2\/posts\/908\/revisions\/910"}],"wp:attachment":[{"href":"https:\/\/blog.liesdoch.de\/index.php?rest_route=%2Fwp%2Fv2%2Fmedia&parent=908"}],"wp:term":[{"taxonomy":"category","embeddable":true,"href":"https:\/\/blog.liesdoch.de\/index.php?rest_route=%2Fwp%2Fv2%2Fcategories&post=908"},{"taxonomy":"post_tag","embeddable":true,"href":"https:\/\/blog.liesdoch.de\/index.php?rest_route=%2Fwp%2Fv2%2Ftags&post=908"}],"curies":[{"name":"wp","href":"https:\/\/api.w.org\/{rel}","templated":true}]}}