{"id":920,"date":"2015-12-10T14:18:50","date_gmt":"2015-12-10T12:18:50","guid":{"rendered":"http:\/\/blog.liesdoch.de\/?p=920"},"modified":"2015-12-10T14:18:50","modified_gmt":"2015-12-10T12:18:50","slug":"ein-jahr-mit-den-stoerchen","status":"publish","type":"post","link":"https:\/\/blog.liesdoch.de\/?p=920","title":{"rendered":"Ein Jahr mit den St\u00f6rchen"},"content":{"rendered":"<p>&nbsp;<\/p>\n<p><a href=\"http:\/\/blog.liesdoch.de\/wp-content\/uploads\/2015\/12\/41767638z.jpg\"><img loading=\"lazy\" decoding=\"async\" class=\"alignnone size-medium wp-image-921\" src=\"http:\/\/blog.liesdoch.de\/wp-content\/uploads\/2015\/12\/41767638z-300x258.jpg\" alt=\"41767638z\" width=\"300\" height=\"258\" srcset=\"https:\/\/blog.liesdoch.de\/wp-content\/uploads\/2015\/12\/41767638z-300x258.jpg 300w, https:\/\/blog.liesdoch.de\/wp-content\/uploads\/2015\/12\/41767638z.jpg 340w\" sizes=\"auto, (max-width: 300px) 100vw, 300px\" \/><\/a><\/p>\n<p>&nbsp;<\/p>\n<p>Thomas M\u00fcller, Ein Jahr mit den St\u00f6rchen,\u00a0 Gerstenberg 2015, ISBN 978-3-8369-5822-6<\/p>\n<p>Nach seinen wunderbaren Sachbilderb\u00fcchern \u00fcber die Schwalben,\u00a0 die Spatzen und die Eulen, die Thomas M\u00fcller in den letzten Jahren bei Gerstenberg in Hildesheim ver\u00f6ffentlicht hat,\u00a0 folgt nun mit &#8222;Ein Jahr mit den St\u00f6rchen&#8220; der vierte Band einer wirklich au\u00dfergew\u00f6hnlich sch\u00f6nen und lehrreichen Sachbilderbuchreihe, wie es sie in ihrer Mischung aus naturwissenschaftlichen Informationen und detailgetreuen Illustrationen nur selten zu finden gibt.<\/p>\n<p>Das Buch verfolgt das Leben eines Storchenpaares \u00fcber ein ganzes Jahr von der Ankunft zun\u00e4chst des M\u00e4nnchens und einer Woche sp\u00e4ter des Weibchens aus Afrika,\u00a0 \u00fcber den Nestbau und die Aufzucht der Jungen bis zur R\u00fcckkehr nach Afrika. Bis heute wei\u00df man nicht genau, wie die Tiere ihren Weg dorthin finden. Besonders die Informationen \u00fcber ihre Lebensweise in Afrika boten ebenso viel Neues f\u00fcr mich wie die Beschreibung der Arbeit der Ornithologen, die den Jungen im Nest Ringe anlegen,\u00a0 die den Vogelkundlern sp\u00e4ter einmal Auskunft \u00fcber die Zugwege der V\u00f6gel geben k\u00f6nnen.<\/p>\n<p>Auf den letzten beiden Seiten hat Thomas M\u00fcller Wissenswertes \u00fcber den wei\u00dfen Storch und seine Artverwandten den Graureiher, den Schwarzstorch und den Kranich zusammengestellt.<\/p>\n","protected":false},"excerpt":{"rendered":"<p>&nbsp; &nbsp; Thomas M\u00fcller, Ein Jahr mit den St\u00f6rchen,\u00a0 Gerstenberg 2015, ISBN 978-3-8369-5822-6 Nach seinen wunderbaren Sachbilderb\u00fcchern \u00fcber die Schwalben,\u00a0 die Spatzen und die Eulen, die Thomas M\u00fcller in den letzten Jahren bei Gerstenberg in Hildesheim ver\u00f6ffentlicht hat,\u00a0 folgt nun mit &#8222;Ein Jahr mit den St\u00f6rchen&#8220; der vierte Band einer wirklich au\u00dfergew\u00f6hnlich sch\u00f6nen und lehrreichen &hellip; <a href=\"https:\/\/blog.liesdoch.de\/?p=920\" class=\"more-link\"><span class=\"screen-reader-text\">Ein Jahr mit den St\u00f6rchen<\/span> weiterlesen <span class=\"meta-nav\">&rarr;<\/span><\/a><\/p>\n","protected":false},"author":6,"featured_media":0,"comment_status":"open","ping_status":"open","sticky":false,"template":"","format":"standard","meta":{"footnotes":""},"categories":[1],"tags":[308,309],"class_list":["post-920","post","type-post","status-publish","format-standard","hentry","category-allgemein","tag-sachbilderbuch","tag-stoerche"],"_links":{"self":[{"href":"https:\/\/blog.liesdoch.de\/index.php?rest_route=\/wp\/v2\/posts\/920","targetHints":{"allow":["GET"]}}],"collection":[{"href":"https:\/\/blog.liesdoch.de\/index.php?rest_route=\/wp\/v2\/posts"}],"about":[{"href":"https:\/\/blog.liesdoch.de\/index.php?rest_route=\/wp\/v2\/types\/post"}],"author":[{"embeddable":true,"href":"https:\/\/blog.liesdoch.de\/index.php?rest_route=\/wp\/v2\/users\/6"}],"replies":[{"embeddable":true,"href":"https:\/\/blog.liesdoch.de\/index.php?rest_route=%2Fwp%2Fv2%2Fcomments&post=920"}],"version-history":[{"count":1,"href":"https:\/\/blog.liesdoch.de\/index.php?rest_route=\/wp\/v2\/posts\/920\/revisions"}],"predecessor-version":[{"id":922,"href":"https:\/\/blog.liesdoch.de\/index.php?rest_route=\/wp\/v2\/posts\/920\/revisions\/922"}],"wp:attachment":[{"href":"https:\/\/blog.liesdoch.de\/index.php?rest_route=%2Fwp%2Fv2%2Fmedia&parent=920"}],"wp:term":[{"taxonomy":"category","embeddable":true,"href":"https:\/\/blog.liesdoch.de\/index.php?rest_route=%2Fwp%2Fv2%2Fcategories&post=920"},{"taxonomy":"post_tag","embeddable":true,"href":"https:\/\/blog.liesdoch.de\/index.php?rest_route=%2Fwp%2Fv2%2Ftags&post=920"}],"curies":[{"name":"wp","href":"https:\/\/api.w.org\/{rel}","templated":true}]}}