{"id":940,"date":"2015-12-11T09:51:59","date_gmt":"2015-12-11T07:51:59","guid":{"rendered":"http:\/\/blog.liesdoch.de\/?p=940"},"modified":"2015-12-11T09:51:59","modified_gmt":"2015-12-11T07:51:59","slug":"gustav-ganz-gross","status":"publish","type":"post","link":"https:\/\/blog.liesdoch.de\/?p=940","title":{"rendered":"Gustav ganz gro\u00df"},"content":{"rendered":"<p>&nbsp;<\/p>\n<p><a href=\"http:\/\/blog.liesdoch.de\/wp-content\/uploads\/2015\/12\/42645027z.jpg\"><img loading=\"lazy\" decoding=\"async\" class=\"alignnone size-medium wp-image-941\" src=\"http:\/\/blog.liesdoch.de\/wp-content\/uploads\/2015\/12\/42645027z-212x300.jpg\" alt=\"42645027z\" width=\"212\" height=\"300\" srcset=\"https:\/\/blog.liesdoch.de\/wp-content\/uploads\/2015\/12\/42645027z-212x300.jpg 212w, https:\/\/blog.liesdoch.de\/wp-content\/uploads\/2015\/12\/42645027z.jpg 298w\" sizes=\"auto, (max-width: 212px) 100vw, 212px\" \/><\/a><\/p>\n<p>&nbsp;<\/p>\n<p>Hans de Beer, Gustav ganz gross, Nord S\u00fcd 2015, ISBN 978-3-314-10310-0<\/p>\n<p>&nbsp;<\/p>\n<p>Hans de Beer ist vielen Generationen von kleinen Kindern bekannt durch seine wunderbaren Bilderb\u00fccher \u00fcber Lars, den kleinen Eisb\u00e4r. Der macht sich meist unfreiwillig in jedem neuen Band auf eine gro\u00dfe Reise und kehrt dann nach vielen Abenteuer gl\u00fccklich nach Hause in die Arme seiner Eltern am Nordpol zur\u00fcck.<\/p>\n<p>Hans de Beer scheint dieses Kindheitsthema des Aufbruchs in neue Welten, des Sammelns neuer Erfahrungen und der immer wieder gl\u00fccklichen R\u00fcckkehr nach Hause zu lieben. Denn auch in seinem neuen, hier vorliegenden Bilderbuch erz\u00e4hlt er davon.<\/p>\n<p>Sein Held dieses Mal ist der kleine Dackel Gustav. Eigentlich m\u00fcsste der mit seinem Leben sehr zufrieden sein, denn er hat ein liebes Frauchen und Herrchen, die es ihm an nichts fehlen lassen.<\/p>\n<p>Doch er findet sich zu klein. Immer sieht er die Welt von unten, nirgends kommt er mit seinen kurzen Beinen hinauf, um auch mal eine andere Aussicht zu genie\u00dfen. Auch die r\u00fchrende Unterst\u00fctzung seiner gr\u00f6\u00dferen Hundefreunde im Park bringt ihn nicht weiter und so streunt er durch die Stadt, durchaus mit vielen sch\u00f6nen Erlebnissen und Erfahrungen, doch so richtig gut geht es ihm erst, als er \u00fcber eine gro\u00dfe Treppe, die er entdeckt hat, pl\u00f6tzlich auf einer riesigen Br\u00fccke steht und die gro\u00dfartige Aussicht genie\u00dft.<\/p>\n<p>Doch da wird es schon dunkel, er verl\u00e4sst die Br\u00fccken \u00fcber die Treppe und steht dann im wahrsten Sinne des Wortes im Regen. Ein Kater hilft ihm bei Nachhauseweg.<\/p>\n<p>Gl\u00fccklich dort angekommen, scheint ihm sein Kleinsein nicht mehr ein so ganz gro\u00dfes Problem. Er beschlie\u00dft abzuwarten und zu wachsen. Aber eines muss er morgen unbedingt tun: seiner Freundin Emma von dieser sagenhaften Br\u00fccke zu erz\u00e4hlen\u2026.<\/p>\n<p>Eine sch\u00f6ne Geschichte \u00fcber einen sympathischen Dackel, von dem man gerne bald noch mehr erfahren w\u00fcrde in einem neuen Bilderbuch.<\/p>\n<p>&nbsp;<\/p>\n<p>&nbsp;<\/p>\n<p>&nbsp;<\/p>\n<p>&nbsp;<\/p>\n<p>&nbsp;<\/p>\n","protected":false},"excerpt":{"rendered":"<p>&nbsp; &nbsp; Hans de Beer, Gustav ganz gross, Nord S\u00fcd 2015, ISBN 978-3-314-10310-0 &nbsp; Hans de Beer ist vielen Generationen von kleinen Kindern bekannt durch seine wunderbaren Bilderb\u00fccher \u00fcber Lars, den kleinen Eisb\u00e4r. Der macht sich meist unfreiwillig in jedem neuen Band auf eine gro\u00dfe Reise und kehrt dann nach vielen Abenteuer gl\u00fccklich nach Hause &hellip; <a href=\"https:\/\/blog.liesdoch.de\/?p=940\" class=\"more-link\"><span class=\"screen-reader-text\">Gustav ganz gro\u00df<\/span> weiterlesen <span class=\"meta-nav\">&rarr;<\/span><\/a><\/p>\n","protected":false},"author":6,"featured_media":0,"comment_status":"open","ping_status":"open","sticky":false,"template":"","format":"standard","meta":{"footnotes":""},"categories":[1],"tags":[33,311],"class_list":["post-940","post","type-post","status-publish","format-standard","hentry","category-allgemein","tag-bilderbuch","tag-hans-de-beer"],"_links":{"self":[{"href":"https:\/\/blog.liesdoch.de\/index.php?rest_route=\/wp\/v2\/posts\/940","targetHints":{"allow":["GET"]}}],"collection":[{"href":"https:\/\/blog.liesdoch.de\/index.php?rest_route=\/wp\/v2\/posts"}],"about":[{"href":"https:\/\/blog.liesdoch.de\/index.php?rest_route=\/wp\/v2\/types\/post"}],"author":[{"embeddable":true,"href":"https:\/\/blog.liesdoch.de\/index.php?rest_route=\/wp\/v2\/users\/6"}],"replies":[{"embeddable":true,"href":"https:\/\/blog.liesdoch.de\/index.php?rest_route=%2Fwp%2Fv2%2Fcomments&post=940"}],"version-history":[{"count":1,"href":"https:\/\/blog.liesdoch.de\/index.php?rest_route=\/wp\/v2\/posts\/940\/revisions"}],"predecessor-version":[{"id":942,"href":"https:\/\/blog.liesdoch.de\/index.php?rest_route=\/wp\/v2\/posts\/940\/revisions\/942"}],"wp:attachment":[{"href":"https:\/\/blog.liesdoch.de\/index.php?rest_route=%2Fwp%2Fv2%2Fmedia&parent=940"}],"wp:term":[{"taxonomy":"category","embeddable":true,"href":"https:\/\/blog.liesdoch.de\/index.php?rest_route=%2Fwp%2Fv2%2Fcategories&post=940"},{"taxonomy":"post_tag","embeddable":true,"href":"https:\/\/blog.liesdoch.de\/index.php?rest_route=%2Fwp%2Fv2%2Ftags&post=940"}],"curies":[{"name":"wp","href":"https:\/\/api.w.org\/{rel}","templated":true}]}}