{"id":977,"date":"2015-12-16T15:30:03","date_gmt":"2015-12-16T13:30:03","guid":{"rendered":"http:\/\/blog.liesdoch.de\/?p=977"},"modified":"2015-12-16T15:30:03","modified_gmt":"2015-12-16T13:30:03","slug":"schnip","status":"publish","type":"post","link":"https:\/\/blog.liesdoch.de\/?p=977","title":{"rendered":"Schnip"},"content":{"rendered":"<p>&nbsp;<\/p>\n<p>&nbsp;<\/p>\n<p><a href=\"http:\/\/blog.liesdoch.de\/wp-content\/uploads\/2015\/12\/42767364z.jpg\"><img loading=\"lazy\" decoding=\"async\" class=\"alignnone size-medium wp-image-978\" src=\"http:\/\/blog.liesdoch.de\/wp-content\/uploads\/2015\/12\/42767364z-300x231.jpg\" alt=\"42767364z\" width=\"300\" height=\"231\" srcset=\"https:\/\/blog.liesdoch.de\/wp-content\/uploads\/2015\/12\/42767364z-300x231.jpg 300w, https:\/\/blog.liesdoch.de\/wp-content\/uploads\/2015\/12\/42767364z.jpg 340w\" sizes=\"auto, (max-width: 300px) 100vw, 300px\" \/><\/a><\/p>\n<p>&nbsp;<\/p>\n<p>Claudia Lagermann, Hanneke Siemensma, Schnip, Bohem 2015,\u00a0 ISBN 978-3-95939-015-6<\/p>\n<p>Mit wunderbar warmen Farben illustriert, erz\u00e4hlt dieses sch\u00f6ne Bilderbuch aus den Niederlanden die Geschichte eines kleinen Vogels, der eine verz\u00f6gerte Entwicklung durchmacht, wie Kindertherapeuten sagen w\u00fcrden.<\/p>\n<p>Schnip, so hei\u00dft der kleine Vogel, hat alles, was ein Vogel braucht: einen\u00a0 Schnabel, zwei Beine und zwei Fl\u00fcgel. Doch w\u00e4hrend seine Freunde eifrig in den B\u00e4umen hoch oben Verstecken spielen, muss Schnip dabei zusehen, denn er kann nicht fliegen.<\/p>\n<p>Fassungslos sieht er auch mit an, wie alle anderen V\u00f6gel, als der Winter naht, sich aufmachen in den warmen S\u00fcden. Er muss allein zur\u00fcckbleiben. Doch noch bevor er dar\u00fcber recht nachdenken kann, sieht er einen\u00a0 roten Schal vorbeifliegen. Er geh\u00f6rt einer Maus, der der Wind die warme Zudecke gestohlen hat. Mit einem Satz fasst Schnip den Schal aus der Luft und hinterl\u00e4sst eine dankbare Maus. Genauso hilft er in der Folge einem Eichh\u00f6rnchen, einem Frosch und einem Igel bei ihrer jeweiligen Vorbereitung f\u00fcr den Winter. Als er danach einen Maulwurf trifft, der \u00fcber seine kalte H\u00f6hle klagt, hat Schnip wieder eine hilfreiche Idee. Und sie verbringen, gew\u00e4rmt von Schnips Fl\u00fcgeln, den kalten Winter unter der Erde.<\/p>\n<p>Als die ersten warmen Sonnenstrahlen des Fr\u00fchlings Schnip wieder nach oben treiben, da wartet nicht nur ein sch\u00f6nes Fest auf ihn, das die Tiere, denen er geholfen hat, mit ihm feiern wollen, sondern auch eine weitere \u00dcberraschung. Als seine Vogelfreunde aus dem S\u00fcden zur\u00fcckkommen und Schnip ihnen aufgeregt seine Abenteuer erz\u00e4hlen will, da sieht er alle pl\u00f6tzlich von oben\u00a0 &#8211; er kann\u00a0 fliegen!<\/p>\n<p>Ein sch\u00f6nes Bilderbuch dar\u00fcber, dass manches etwas l\u00e4nger dauert und man die Zeit dazwischen gut nutzen kann. Dar\u00fcber, wie auch kleine Wesen zu Helden werden k\u00f6nnen und wie so manches ganz von alleine kommt, wenn\u00a0 man gerade nicht damit rechnet. Wunderbar.<\/p>\n","protected":false},"excerpt":{"rendered":"<p>&nbsp; &nbsp; &nbsp; Claudia Lagermann, Hanneke Siemensma, Schnip, Bohem 2015,\u00a0 ISBN 978-3-95939-015-6 Mit wunderbar warmen Farben illustriert, erz\u00e4hlt dieses sch\u00f6ne Bilderbuch aus den Niederlanden die Geschichte eines kleinen Vogels, der eine verz\u00f6gerte Entwicklung durchmacht, wie Kindertherapeuten sagen w\u00fcrden. Schnip, so hei\u00dft der kleine Vogel, hat alles, was ein Vogel braucht: einen\u00a0 Schnabel, zwei Beine und &hellip; <a href=\"https:\/\/blog.liesdoch.de\/?p=977\" class=\"more-link\"><span class=\"screen-reader-text\">Schnip<\/span> weiterlesen <span class=\"meta-nav\">&rarr;<\/span><\/a><\/p>\n","protected":false},"author":6,"featured_media":0,"comment_status":"open","ping_status":"open","sticky":false,"template":"","format":"standard","meta":{"footnotes":""},"categories":[1],"tags":[33],"class_list":["post-977","post","type-post","status-publish","format-standard","hentry","category-allgemein","tag-bilderbuch"],"_links":{"self":[{"href":"https:\/\/blog.liesdoch.de\/index.php?rest_route=\/wp\/v2\/posts\/977","targetHints":{"allow":["GET"]}}],"collection":[{"href":"https:\/\/blog.liesdoch.de\/index.php?rest_route=\/wp\/v2\/posts"}],"about":[{"href":"https:\/\/blog.liesdoch.de\/index.php?rest_route=\/wp\/v2\/types\/post"}],"author":[{"embeddable":true,"href":"https:\/\/blog.liesdoch.de\/index.php?rest_route=\/wp\/v2\/users\/6"}],"replies":[{"embeddable":true,"href":"https:\/\/blog.liesdoch.de\/index.php?rest_route=%2Fwp%2Fv2%2Fcomments&post=977"}],"version-history":[{"count":1,"href":"https:\/\/blog.liesdoch.de\/index.php?rest_route=\/wp\/v2\/posts\/977\/revisions"}],"predecessor-version":[{"id":979,"href":"https:\/\/blog.liesdoch.de\/index.php?rest_route=\/wp\/v2\/posts\/977\/revisions\/979"}],"wp:attachment":[{"href":"https:\/\/blog.liesdoch.de\/index.php?rest_route=%2Fwp%2Fv2%2Fmedia&parent=977"}],"wp:term":[{"taxonomy":"category","embeddable":true,"href":"https:\/\/blog.liesdoch.de\/index.php?rest_route=%2Fwp%2Fv2%2Fcategories&post=977"},{"taxonomy":"post_tag","embeddable":true,"href":"https:\/\/blog.liesdoch.de\/index.php?rest_route=%2Fwp%2Fv2%2Ftags&post=977"}],"curies":[{"name":"wp","href":"https:\/\/api.w.org\/{rel}","templated":true}]}}