{"id":986,"date":"2015-12-16T16:14:42","date_gmt":"2015-12-16T14:14:42","guid":{"rendered":"http:\/\/blog.liesdoch.de\/?p=986"},"modified":"2015-12-16T16:14:42","modified_gmt":"2015-12-16T14:14:42","slug":"alle-kinder","status":"publish","type":"post","link":"https:\/\/blog.liesdoch.de\/?p=986","title":{"rendered":"Alle Kinder"},"content":{"rendered":"<p>&nbsp;<\/p>\n<p>&nbsp;<\/p>\n<p>&nbsp;<\/p>\n<p><a href=\"http:\/\/blog.liesdoch.de\/wp-content\/uploads\/2015\/12\/38036441z.jpg\"><img loading=\"lazy\" decoding=\"async\" class=\"alignnone size-medium wp-image-987\" src=\"http:\/\/blog.liesdoch.de\/wp-content\/uploads\/2015\/12\/38036441z-300x233.jpg\" alt=\"38036441z\" width=\"300\" height=\"233\" srcset=\"https:\/\/blog.liesdoch.de\/wp-content\/uploads\/2015\/12\/38036441z-300x233.jpg 300w, https:\/\/blog.liesdoch.de\/wp-content\/uploads\/2015\/12\/38036441z.jpg 475w\" sizes=\"auto, (max-width: 300px) 100vw, 300px\" \/><\/a><\/p>\n<p>&nbsp;<\/p>\n<p>&nbsp;<\/p>\n<p>Anke Kuhl, Alle Kinder (mini) ,Klett-Kinderbuch 2013, ISBN 978-3-95470-082-0<\/p>\n<p>Dieses au\u00dfergew\u00f6hnliche Bilderbuch ist nichts f\u00fcr zartbesaitete Eltern und Erwachsene. &#8222;Entsetzlich lustig und erfrischend b\u00f6se&#8220; will es ein ABC-Buch f\u00fcr ausgeschlafene Leseanf\u00e4nger sein. Ein ABC der Schadenfreude, das f\u00fcr die Kinder heute so normal ist wie nur irgendetwas. Etwa jener Reim, der seit langem von einer Sch\u00fclergenerationen an die andere weitergegeben wird:<br \/>\n&#8222;Alle Kinder gehen zum Friedhof.<br \/>\nAu\u00dfer Hagen &#8211; der wird getragen.&#8220;<\/p>\n<p>Kinder finden solche schadenfreudigen Reime originell, und auch wenn sie sonst nicht gerne Gedichte lernen und aufsagen, solche Verse k\u00f6nnen sie alle dichten. Noch ein paar Kostproben gef\u00e4llig?<\/p>\n<p>&#8222;Alle Kinder laufen ins Haus.<br \/>\nAu\u00dfer Fritz &#8211; den trifft der Blitz.&#8220;<\/p>\n<p>&#8222;Alle Kinder lesen dieses Buch. (n\u00e4mlich &#8222;Alle Kinder&#8220;)<br \/>\nAu\u00dfer Xaver &#8211; der ist ein Braver.&#8220;<\/p>\n<p>Man muss nicht erschrocken zur\u00fcckweichen vor diesem trockenen Kinderhumor, der in diesem Buch mit lustigen und originellen Zeichnungen von Anke Kuhl in Szene gesetzt wurde.<\/p>\n<p>Mir hat das Buch gefallen und ich bin sicher, Kinder ab etwa 5 Jahren sind von diesen Reimen begeistert und k\u00f6nnen sehr wohl den schwarzen Humor dahinter identifizieren.<\/p>\n<p>Die hier vorliegende Miniausgabe ist handlich, preisg\u00fcnstig aber keinen Deut weniger witzig.<\/p>\n","protected":false},"excerpt":{"rendered":"<p>&nbsp; &nbsp; &nbsp; &nbsp; &nbsp; Anke Kuhl, Alle Kinder (mini) ,Klett-Kinderbuch 2013, ISBN 978-3-95470-082-0 Dieses au\u00dfergew\u00f6hnliche Bilderbuch ist nichts f\u00fcr zartbesaitete Eltern und Erwachsene. &#8222;Entsetzlich lustig und erfrischend b\u00f6se&#8220; will es ein ABC-Buch f\u00fcr ausgeschlafene Leseanf\u00e4nger sein. Ein ABC der Schadenfreude, das f\u00fcr die Kinder heute so normal ist wie nur irgendetwas. Etwa jener Reim, &hellip; <a href=\"https:\/\/blog.liesdoch.de\/?p=986\" class=\"more-link\"><span class=\"screen-reader-text\">Alle Kinder<\/span> weiterlesen <span class=\"meta-nav\">&rarr;<\/span><\/a><\/p>\n","protected":false},"author":6,"featured_media":0,"comment_status":"open","ping_status":"open","sticky":false,"template":"","format":"standard","meta":{"footnotes":""},"categories":[1],"tags":[33,42],"class_list":["post-986","post","type-post","status-publish","format-standard","hentry","category-allgemein","tag-bilderbuch","tag-reime"],"_links":{"self":[{"href":"https:\/\/blog.liesdoch.de\/index.php?rest_route=\/wp\/v2\/posts\/986","targetHints":{"allow":["GET"]}}],"collection":[{"href":"https:\/\/blog.liesdoch.de\/index.php?rest_route=\/wp\/v2\/posts"}],"about":[{"href":"https:\/\/blog.liesdoch.de\/index.php?rest_route=\/wp\/v2\/types\/post"}],"author":[{"embeddable":true,"href":"https:\/\/blog.liesdoch.de\/index.php?rest_route=\/wp\/v2\/users\/6"}],"replies":[{"embeddable":true,"href":"https:\/\/blog.liesdoch.de\/index.php?rest_route=%2Fwp%2Fv2%2Fcomments&post=986"}],"version-history":[{"count":1,"href":"https:\/\/blog.liesdoch.de\/index.php?rest_route=\/wp\/v2\/posts\/986\/revisions"}],"predecessor-version":[{"id":988,"href":"https:\/\/blog.liesdoch.de\/index.php?rest_route=\/wp\/v2\/posts\/986\/revisions\/988"}],"wp:attachment":[{"href":"https:\/\/blog.liesdoch.de\/index.php?rest_route=%2Fwp%2Fv2%2Fmedia&parent=986"}],"wp:term":[{"taxonomy":"category","embeddable":true,"href":"https:\/\/blog.liesdoch.de\/index.php?rest_route=%2Fwp%2Fv2%2Fcategories&post=986"},{"taxonomy":"post_tag","embeddable":true,"href":"https:\/\/blog.liesdoch.de\/index.php?rest_route=%2Fwp%2Fv2%2Ftags&post=986"}],"curies":[{"name":"wp","href":"https:\/\/api.w.org\/{rel}","templated":true}]}}