{"id":990,"date":"2015-12-16T16:21:06","date_gmt":"2015-12-16T14:21:06","guid":{"rendered":"http:\/\/blog.liesdoch.de\/?p=990"},"modified":"2016-01-03T21:35:02","modified_gmt":"2016-01-03T19:35:02","slug":"konrads-schatten","status":"publish","type":"post","link":"https:\/\/blog.liesdoch.de\/?p=990","title":{"rendered":"Konrads Schatten"},"content":{"rendered":"<p><a href=\"http:\/\/blog.liesdoch.de\/wp-content\/uploads\/2015\/12\/40896617z.jpg\"><img loading=\"lazy\" decoding=\"async\" class=\"alignnone size-medium wp-image-991\" src=\"http:\/\/blog.liesdoch.de\/wp-content\/uploads\/2015\/12\/40896617z-300x217.jpg\" alt=\"40896617z\" width=\"300\" height=\"217\" srcset=\"https:\/\/blog.liesdoch.de\/wp-content\/uploads\/2015\/12\/40896617z-300x217.jpg 300w, https:\/\/blog.liesdoch.de\/wp-content\/uploads\/2015\/12\/40896617z.jpg 340w\" sizes=\"auto, (max-width: 300px) 100vw, 300px\" \/><\/a><\/p>\n<p>Matze D\u00f6bele, Konrads Schatten, Kunstanstifter Verlag 2015, ISBN 978-3-942795-23-4<\/p>\n<p>Dass jeder Mensch einen Schatten hat, verstehen die meisten nur in einem Sinne, dass ihre Gestalt n\u00e4mlich bei entsprechender Beleuchtung einen Schatten wirft. Weniger bekannt aber nicht weniger wichtig, ist die Erkenntnis C.G.Jungs vom Schatten, das hei\u00dft der meist unbekannten bzw. unbewussten Seite der eigenen Pers\u00f6nlichkeit, die uns nicht nur schwer zug\u00e4nglich, sondern auch nicht sehr sympathisch ist und die wir lieber wegdr\u00fccken.<\/p>\n<p>Doch genauso wie man den durch Licht hervorgerufene Schatten nicht vertreiben kann, ist auch der andere vorhanden und wirksam. Oft erfahren wir erst durch andere (\u201eblinder Fleck\u201c) oder durch entsprechende Selbstintrospektion von hm und lernen mit ihm umzugehen. Menschen, die ihre eigenen Schattenseiten kennen und vor allem in ihre Pers\u00f6nlichkeit integrieren, leben bewusster und vielleicht auch gl\u00fccklicher.<\/p>\n<p>Der im Schwarzwald, wo die Sonne h\u00e4ufig scheint und die Schatten lang werden k\u00f6nnen, 1975 geborene Illustrator Matze D\u00f6bele hat diesen Zusammenhang in einem Bilderbuch f\u00fcr Kinder versucht darzustellen.\u00a0 Dazu hat er die Geschichte\u00a0 von Konrad erfunden, dessen \u201eSchatten\u201c ihn nicht nur in der Schule immer wieder in Schwierigkeiten bringt.<\/p>\n<p>Er erlebt schlussendlich, wie wichtig und n\u00fctzlich es ist, einen Schatten zu haben. Ausdrucksstarke Bilder werden nicht nur Kinder begeistern sondern dieses Buch auch f\u00fcr Erwachsene zu einer lehrreichen Lekt\u00fcre werden lassen.<\/p>\n<p>Ein Bilderbuch f\u00fcr Gro\u00df und Klein.<\/p>\n","protected":false},"excerpt":{"rendered":"<p>Matze D\u00f6bele, Konrads Schatten, Kunstanstifter Verlag 2015, ISBN 978-3-942795-23-4 Dass jeder Mensch einen Schatten hat, verstehen die meisten nur in einem Sinne, dass ihre Gestalt n\u00e4mlich bei entsprechender Beleuchtung einen Schatten wirft. Weniger bekannt aber nicht weniger wichtig, ist die Erkenntnis C.G.Jungs vom Schatten, das hei\u00dft der meist unbekannten bzw. unbewussten Seite der eigenen Pers\u00f6nlichkeit, &hellip; <a href=\"https:\/\/blog.liesdoch.de\/?p=990\" class=\"more-link\"><span class=\"screen-reader-text\">Konrads Schatten<\/span> weiterlesen <span class=\"meta-nav\">&rarr;<\/span><\/a><\/p>\n","protected":false},"author":6,"featured_media":0,"comment_status":"open","ping_status":"open","sticky":false,"template":"","format":"standard","meta":{"footnotes":""},"categories":[1],"tags":[33],"class_list":["post-990","post","type-post","status-publish","format-standard","hentry","category-allgemein","tag-bilderbuch"],"_links":{"self":[{"href":"https:\/\/blog.liesdoch.de\/index.php?rest_route=\/wp\/v2\/posts\/990","targetHints":{"allow":["GET"]}}],"collection":[{"href":"https:\/\/blog.liesdoch.de\/index.php?rest_route=\/wp\/v2\/posts"}],"about":[{"href":"https:\/\/blog.liesdoch.de\/index.php?rest_route=\/wp\/v2\/types\/post"}],"author":[{"embeddable":true,"href":"https:\/\/blog.liesdoch.de\/index.php?rest_route=\/wp\/v2\/users\/6"}],"replies":[{"embeddable":true,"href":"https:\/\/blog.liesdoch.de\/index.php?rest_route=%2Fwp%2Fv2%2Fcomments&post=990"}],"version-history":[{"count":2,"href":"https:\/\/blog.liesdoch.de\/index.php?rest_route=\/wp\/v2\/posts\/990\/revisions"}],"predecessor-version":[{"id":1013,"href":"https:\/\/blog.liesdoch.de\/index.php?rest_route=\/wp\/v2\/posts\/990\/revisions\/1013"}],"wp:attachment":[{"href":"https:\/\/blog.liesdoch.de\/index.php?rest_route=%2Fwp%2Fv2%2Fmedia&parent=990"}],"wp:term":[{"taxonomy":"category","embeddable":true,"href":"https:\/\/blog.liesdoch.de\/index.php?rest_route=%2Fwp%2Fv2%2Fcategories&post=990"},{"taxonomy":"post_tag","embeddable":true,"href":"https:\/\/blog.liesdoch.de\/index.php?rest_route=%2Fwp%2Fv2%2Ftags&post=990"}],"curies":[{"name":"wp","href":"https:\/\/api.w.org\/{rel}","templated":true}]}}